{"id":11529,"date":"2026-08-06T08:01:00","date_gmt":"2026-08-06T11:01:00","guid":{"rendered":"https:\/\/radiokissnoticias.com.ar\/web\/?p=11529"},"modified":"2026-08-06T08:02:07","modified_gmt":"2026-08-06T11:02:07","slug":"el-canciller-tambien-le-sugirio-a-villarruel-que-se-vaya-siempre-intento-desestabilizar","status":"publish","type":"post","link":"https:\/\/radiokissnoticias.com.ar\/web\/2026\/08\/06\/el-canciller-tambien-le-sugirio-a-villarruel-que-se-vaya-siempre-intento-desestabilizar\/","title":{"rendered":"El canciller tambi\u00e9n le sugiri\u00f3 a Villarruel que se vaya: \u201cSiempre intent\u00f3 desestabilizar\u201d"},"content":{"rendered":"<p>Pablo Quirno no ahorr\u00f3 cr\u00edticas contra la vicepresidente por sus roces con Milei. &#8220;Si no est\u00e1 de acuerdo, que se corra y d\u00e9 un paso al costado&#8221;, dijo el funcionario, y a\u00f1adi\u00f3 en declaraciones al canal Am\u00e9rica 24 que &#8220;somos un equipo de gobierno, unido, tratando de llevar adelante un proyecto para sacar adelante al pa\u00eds&#8221;.<\/p>\n<p>El canciller Pablo Quirno se sum\u00f3 hoy a los pedidos de otros funcionarios del gobierno nacional y le sugiri\u00f3 a la vicepresidente Victoria Villarruel que &#8220;se corra y d\u00e9 un paso al costado&#8221;, debido a sus constantes cr\u00edticas hacia el presidente Javier Milei y su entorno.<\/p>\n<p>&#8220;Ella integr\u00f3 una f\u00f3rmula con el presidente y si no est\u00e1 de acuerdo se tiene que ir. Tiene que acompa\u00f1ar desde su lugar. Sus comentarios son pseudo golpistas&#8221;, remarc\u00f3 el jefe de la diplomacia.<\/p>\n<p>Por lo tanto, &#8220;si no est\u00e1 de acuerdo, que se corra y d\u00e9 un paso al costado&#8221;, dijo Quirno, y a\u00f1adi\u00f3 en declaraciones al canal Am\u00e9rica 24 que &#8220;somos un equipo de gobierno, unido, tratando de llevar adelante un proyecto para sacar adelante al pa\u00eds&#8221;.<\/p>\n<p>En ese aspecto, consider\u00f3 que &#8220;constantemente est\u00e1 a contramano de la autoridad presidencial, no es procedente hablar de esta manera. Siempre intent\u00f3 desestabilizar desde el principio, como cuando hablaba con algunos actores pol\u00edticos y les dec\u00eda que si algo pasaba ella estaba preparada&#8221; para tomar el lugar de Milei.<\/p>\n<p>De esta manera, Quirno se sum\u00f3 a las cr\u00edticas de la senadora Patricia Bullrich y del jefe de Gabinete, Diego Santilli, quienes tambi\u00e9n se cruzaron con Villarruel en los \u00faltimos d\u00edas por sus dichos contra Milei; de hecho la titular del Senado subray\u00f3 que ten\u00eda una &#8220;profunda preocupaci\u00f3n&#8221; por la salud mental del jefe de Estado y lo hizo p\u00fablico en sus redes sociales.<\/p>\n<p>Sin embargo, la respuesta del presidente no se hizo esperar e indic\u00f3 que su vice &#8220;es opositora e intrascendente dentro del gobierno. En las declaraciones que hace todo el tiempo pareciera replicar los argumentos kirchneristas&#8221;.<\/p>\n","protected":false},"excerpt":{"rendered":"<p>Pablo Quirno no ahorr\u00f3 cr\u00edticas contra la vicepresidente por sus roces con Milei. &#8220;Si no est\u00e1 de acuerdo, que se corra y d\u00e9 un paso al costado&#8221;, dijo el funcionario, y a\u00f1adi\u00f3 en declaraciones al canal Am\u00e9rica 24 que &#8220;somos un equipo de gobierno, unido, tratando de llevar adelante un proyecto para sacar adelante al [&hellip;]<\/p>\n","protected":false},"author":2,"featured_media":11530,"comment_status":"open","ping_status":"open","sticky":false,"template":"","format":"standard","meta":{"footnotes":""},"categories":[78],"tags":[],"class_list":["post-11529","post","type-post","status-publish","format-standard","has-post-thumbnail","category-nacional"],"_links":{"self":[{"href":"https:\/\/radiokissnoticias.com.ar\/web\/wp-json\/wp\/v2\/posts\/11529","targetHints":{"allow":["GET"]}}],"collection":[{"href":"https:\/\/radiokissnoticias.com.ar\/web\/wp-json\/wp\/v2\/posts"}],"about":[{"href":"https:\/\/radiokissnoticias.com.ar\/web\/wp-json\/wp\/v2\/types\/post"}],"author":[{"embeddable":true,"href":"https:\/\/radiokissnoticias.com.ar\/web\/wp-json\/wp\/v2\/users\/2"}],"replies":[{"embeddable":true,"href":"https:\/\/radiokissnoticias.com.ar\/web\/wp-json\/wp\/v2\/comments?post=11529"}],"version-history":[{"count":2,"href":"https:\/\/radiokissnoticias.com.ar\/web\/wp-json\/wp\/v2\/posts\/11529\/revisions"}],"predecessor-version":[{"id":11532,"href":"https:\/\/radiokissnoticias.com.ar\/web\/wp-json\/wp\/v2\/posts\/11529\/revisions\/11532"}],"wp:featuredmedia":[{"embeddable":true,"href":"https:\/\/radiokissnoticias.com.ar\/web\/wp-json\/wp\/v2\/media\/11530"}],"wp:attachment":[{"href":"https:\/\/radiokissnoticias.com.ar\/web\/wp-json\/wp\/v2\/media?parent=11529"}],"wp:term":[{"taxonomy":"category","embeddable":true,"href":"https:\/\/radiokissnoticias.com.ar\/web\/wp-json\/wp\/v2\/categories?post=11529"},{"taxonomy":"post_tag","embeddable":true,"href":"https:\/\/radiokissnoticias.com.ar\/web\/wp-json\/wp\/v2\/tags?post=11529"}],"curies":[{"name":"wp","href":"https:\/\/api.w.org\/{rel}","templated":true}]}}