{"id":11517,"date":"2026-08-06T07:44:25","date_gmt":"2026-08-06T10:44:25","guid":{"rendered":"https:\/\/radiokissnoticias.com.ar\/web\/?p=11517"},"modified":"2026-08-06T07:44:25","modified_gmt":"2026-08-06T10:44:25","slug":"juicio-por-la-desaparicion-de-loan-pena-los-defensores-acusan-al-fiscal-de-tener-un-doble-discurso","status":"publish","type":"post","link":"https:\/\/radiokissnoticias.com.ar\/web\/2026\/08\/06\/juicio-por-la-desaparicion-de-loan-pena-los-defensores-acusan-al-fiscal-de-tener-un-doble-discurso\/","title":{"rendered":"Juicio por la desaparici\u00f3n de Loan Pe\u00f1a: Los defensores acusan al fiscal de tener un doble discurso"},"content":{"rendered":"<p>Las audiencias del juicio oral y p\u00fablico se desarrollan en el Escuadr\u00f3n 48 de Gendarmer\u00eda Nacional. Los abogados de los acusados apuntan al representante del Ministerio P\u00fablico Fiscal<\/p>\n<p>Los padres del ni\u00f1o desaparecido esperan que se rompa el pacto de silencio.<\/p>\n<p>Hay enojo con el fiscal Carlos Schaefer en el juicio que se desarrolla por la desaparici\u00f3n de Loan Danilo Pe\u00f1a, por el &#8220;doble discurso&#8221; que realiza debido a que &#8220;no le salen las cosas bien.&#8221;<\/p>\n<p>Mart\u00edn Leiro, abogado del acusado Alan Ca\u00f1ete, convers\u00f3 con la agencia Noticias Argentinas y expuso su malestar con el representante del Ministerio P\u00fablico Fiscal (MPF) sobre c\u00f3mo lleva a cabo el debate: &#8220;Est\u00e1 enojado porque, evidentemente, no le salen las cosas bien, entonces acude al doble discurso&#8221;.<\/p>\n<p>Para el abogado, el fiscal se encuentra en la etapa de &#8220;ensuciar a las defensas&#8221; durante el progreso de las audiencias y de cuestionar el juicio.<\/p>\n<p>En este sentido, redobl\u00f3 la puesta y record\u00f3 una entrevista que Schaefer dio d\u00edas atr\u00e1s: &#8220;Sale en los medios a decir cosas que no pasan. Por ejemplo, se est\u00e1 quejando de que los jueces no est\u00e1n presencial, pero nunca plante\u00f3 la incidencia&#8221;.<\/p>\n<p>&#8220;Tambi\u00e9n dijo que el Tribunal est\u00e1 actuando mejor. \u00bfEs decir que antes estaba actuando peor? O \u00bfest\u00e1 poniendo en duda la parcialidad al tribunal?&#8221;, cuestion\u00f3.<\/p>\n<p>El debate oral y p\u00fablico se lleva a cabo en el Escuadr\u00f3n 48 de Gendarmer\u00eda Nacional, en la capital provincial, donde se juzga la supuesta responsabilidad de siete acusados por el extrav\u00edo de Loan y a otros diez implicados por el aparente desv\u00edo de la investigaci\u00f3n y otros delitos, tales como usurpaci\u00f3n de t\u00edtulos y falsos testimonios.<\/p>\n<p>Los fiscales y la querella esperan que se rompa el famoso &#8220;pacto de silencio&#8221; que persiste entre los detenidos y revelen el paradero del ni\u00f1o, quien actualmente tendr\u00eda 7 a\u00f1os.<\/p>\n<p>Los acusados<\/p>\n<p>La ex funcionaria municipal Mar\u00eda Victoria Caillava; el capit\u00e1n de la Armada Carlos Guido P\u00e9rez; el ex comisario Walter Maciel; la t\u00eda de Loan, Laudelina Pe\u00f1a; su marido, Antonio Bernardino Ben\u00edtez; M\u00f3nica Del Carmen Millapi; y su esposo, Daniel &#8220;Fierrito&#8221; Ram\u00edrez, son sindicados por la desaparici\u00f3n del ni\u00f1o ocurrida el 13 de junio de 2024 tras participar del almuerzo realizado en la vivienda de la abuela Catalina y ser visto por \u00faltima vez en el naranjal.<\/p>\n<p>Los otros diez imputados son Federico Rossi Colombo, Nicol\u00e1s Gabriel Soria, Elizabeth Cutaia, Alan Ca\u00f1ete, Delfina Taborda, Pablo Noguera, Pablo N\u00fa\u00f1ez, Valeria L\u00f3pez, Ver\u00f3nica Machuca Yuni y Leonardo Rubio.<\/p>\n","protected":false},"excerpt":{"rendered":"<p>Las audiencias del juicio oral y p\u00fablico se desarrollan en el Escuadr\u00f3n 48 de Gendarmer\u00eda Nacional. Los abogados de los acusados apuntan al representante del Ministerio P\u00fablico Fiscal Los padres del ni\u00f1o desaparecido esperan que se rompa el pacto de silencio. Hay enojo con el fiscal Carlos Schaefer en el juicio que se desarrolla por [&hellip;]<\/p>\n","protected":false},"author":2,"featured_media":11518,"comment_status":"open","ping_status":"open","sticky":false,"template":"","format":"standard","meta":{"footnotes":""},"categories":[82],"tags":[],"class_list":["post-11517","post","type-post","status-publish","format-standard","has-post-thumbnail","category-policiales"],"_links":{"self":[{"href":"https:\/\/radiokissnoticias.com.ar\/web\/wp-json\/wp\/v2\/posts\/11517","targetHints":{"allow":["GET"]}}],"collection":[{"href":"https:\/\/radiokissnoticias.com.ar\/web\/wp-json\/wp\/v2\/posts"}],"about":[{"href":"https:\/\/radiokissnoticias.com.ar\/web\/wp-json\/wp\/v2\/types\/post"}],"author":[{"embeddable":true,"href":"https:\/\/radiokissnoticias.com.ar\/web\/wp-json\/wp\/v2\/users\/2"}],"replies":[{"embeddable":true,"href":"https:\/\/radiokissnoticias.com.ar\/web\/wp-json\/wp\/v2\/comments?post=11517"}],"version-history":[{"count":1,"href":"https:\/\/radiokissnoticias.com.ar\/web\/wp-json\/wp\/v2\/posts\/11517\/revisions"}],"predecessor-version":[{"id":11519,"href":"https:\/\/radiokissnoticias.com.ar\/web\/wp-json\/wp\/v2\/posts\/11517\/revisions\/11519"}],"wp:featuredmedia":[{"embeddable":true,"href":"https:\/\/radiokissnoticias.com.ar\/web\/wp-json\/wp\/v2\/media\/11518"}],"wp:attachment":[{"href":"https:\/\/radiokissnoticias.com.ar\/web\/wp-json\/wp\/v2\/media?parent=11517"}],"wp:term":[{"taxonomy":"category","embeddable":true,"href":"https:\/\/radiokissnoticias.com.ar\/web\/wp-json\/wp\/v2\/categories?post=11517"},{"taxonomy":"post_tag","embeddable":true,"href":"https:\/\/radiokissnoticias.com.ar\/web\/wp-json\/wp\/v2\/tags?post=11517"}],"curies":[{"name":"wp","href":"https:\/\/api.w.org\/{rel}","templated":true}]}}