{"id":11503,"date":"2026-08-06T00:50:13","date_gmt":"2026-08-06T03:50:13","guid":{"rendered":"https:\/\/radiokissnoticias.com.ar\/web\/?p=11503"},"modified":"2026-08-06T00:52:26","modified_gmt":"2026-08-06T03:52:26","slug":"visita-del-papa-leon-xiv-como-sera-el-recorrido-en-la-argentina","status":"publish","type":"post","link":"https:\/\/radiokissnoticias.com.ar\/web\/2026\/08\/06\/visita-del-papa-leon-xiv-como-sera-el-recorrido-en-la-argentina\/","title":{"rendered":"Visita del papa Le\u00f3n XIV: c\u00f3mo ser\u00e1 el recorrido en la Argentina"},"content":{"rendered":"<p>El Vaticano confirm\u00f3 que el Pont\u00edfice llegar\u00e1 al pa\u00eds entre el 8 y el 11 de noviembre. Si bien la letra chica de la agenda oficial a\u00fan no fue ratificada por las autoridades de la Santa Sede, las primeras proyecciones contemplan la realizaci\u00f3n de varias liturgias multitudinarias a lo largo del recorrido<\/p>\n<p>La gira apost\u00f3lica del papa Le\u00f3n XIV por Sudam\u00e9rica ya tiene sus escalas confirmadas y tendr\u00e1 como uno de sus ejes centrales a la Argentina<\/p>\n<p>Seg\u00fan la informaci\u00f3n oficial difundida por la Santa Sede a la que tuvo acceso la Agencia Noticias Argentinas, su visita al pa\u00eds se desarrollar\u00e1 del 8 al 11 de noviembre e incluir\u00e1 un itinerario concentrado en tres puntos clave: la Ciudad Aut\u00f3noma de Buenos Aires, la provincia de C\u00f3rdoba y la emblem\u00e1tica Bas\u00edlica de Luj\u00e1n.<\/p>\n<p>Si bien la letra chica de la agenda oficial a\u00fan no fue ratificada por las autoridades de la Santa Sede, las primeras proyecciones contemplan la realizaci\u00f3n de varias liturgias multitudinarias a lo largo del recorrido. En ese marco, se prev\u00e9 la celebraci\u00f3n de oficios religiosos de gran convocatoria sobre la Avenida 9 de Julio en la Capital Federal, frente a la hist\u00f3rica Bas\u00edlica de Luj\u00e1n y en un predio a definir dentro de la capital mediterr\u00e1nea.<\/p>\n<p><b>El comunicado del Vaticano<\/b><\/p>\n<p>\u201cEl director de la Sala de Prensa de Santa Sede, Matteo Bruni, inform\u00f3 este 5 de agosto que \u201cel Santo Padre Le\u00f3n XIV realizar\u00e1 un Viaje Apost\u00f3lico a Uruguay, Argentina y Per\u00fa del 6 al 17 de noviembre 2026, aceptando la invitaci\u00f3n de los Jefes de Estado y de las Autoridades eclesi\u00e1sticas de esos respectivos pa\u00edses, Su Santidad visitar\u00e1 Montevideo, Paysand\u00fa y Florida del 6 al 8 de noviembre; Buenos Aires, C\u00f3rdoba y Luj\u00e1n del 8 al 11 de noviembre; y Lima, Chiclayo, Cuzco y Pucallpa del 11 al 17 de noviembre\u201d.<\/p>\n<p>El programa del viaje se dar\u00e1 a conocer a su debido tiempo\u201d<\/p>\n","protected":false},"excerpt":{"rendered":"<p>El Vaticano confirm\u00f3 que el Pont\u00edfice llegar\u00e1 al pa\u00eds entre el 8 y el 11 de noviembre. Si bien la letra chica de la agenda oficial a\u00fan no fue ratificada por las autoridades de la Santa Sede, las primeras proyecciones contemplan la realizaci\u00f3n de varias liturgias multitudinarias a lo largo del recorrido La gira apost\u00f3lica [&hellip;]<\/p>\n","protected":false},"author":2,"featured_media":11506,"comment_status":"open","ping_status":"open","sticky":false,"template":"","format":"standard","meta":{"footnotes":""},"categories":[78],"tags":[],"class_list":["post-11503","post","type-post","status-publish","format-standard","has-post-thumbnail","category-nacional"],"_links":{"self":[{"href":"https:\/\/radiokissnoticias.com.ar\/web\/wp-json\/wp\/v2\/posts\/11503","targetHints":{"allow":["GET"]}}],"collection":[{"href":"https:\/\/radiokissnoticias.com.ar\/web\/wp-json\/wp\/v2\/posts"}],"about":[{"href":"https:\/\/radiokissnoticias.com.ar\/web\/wp-json\/wp\/v2\/types\/post"}],"author":[{"embeddable":true,"href":"https:\/\/radiokissnoticias.com.ar\/web\/wp-json\/wp\/v2\/users\/2"}],"replies":[{"embeddable":true,"href":"https:\/\/radiokissnoticias.com.ar\/web\/wp-json\/wp\/v2\/comments?post=11503"}],"version-history":[{"count":1,"href":"https:\/\/radiokissnoticias.com.ar\/web\/wp-json\/wp\/v2\/posts\/11503\/revisions"}],"predecessor-version":[{"id":11505,"href":"https:\/\/radiokissnoticias.com.ar\/web\/wp-json\/wp\/v2\/posts\/11503\/revisions\/11505"}],"wp:featuredmedia":[{"embeddable":true,"href":"https:\/\/radiokissnoticias.com.ar\/web\/wp-json\/wp\/v2\/media\/11506"}],"wp:attachment":[{"href":"https:\/\/radiokissnoticias.com.ar\/web\/wp-json\/wp\/v2\/media?parent=11503"}],"wp:term":[{"taxonomy":"category","embeddable":true,"href":"https:\/\/radiokissnoticias.com.ar\/web\/wp-json\/wp\/v2\/categories?post=11503"},{"taxonomy":"post_tag","embeddable":true,"href":"https:\/\/radiokissnoticias.com.ar\/web\/wp-json\/wp\/v2\/tags?post=11503"}],"curies":[{"name":"wp","href":"https:\/\/api.w.org\/{rel}","templated":true}]}}