{"id":11496,"date":"2026-08-06T00:45:41","date_gmt":"2026-08-06T03:45:41","guid":{"rendered":"https:\/\/radiokissnoticias.com.ar\/web\/?p=11496"},"modified":"2026-08-06T00:45:41","modified_gmt":"2026-08-06T03:45:41","slug":"camara-de-apelaciones-en-lo-civil-comercial-y-laboral-de-goya-abren-la-inscripcion-para-integrar-la-lista-de-sindicos-de-la-segunda-circunscripcion-judicial","status":"publish","type":"post","link":"https:\/\/radiokissnoticias.com.ar\/web\/2026\/08\/06\/camara-de-apelaciones-en-lo-civil-comercial-y-laboral-de-goya-abren-la-inscripcion-para-integrar-la-lista-de-sindicos-de-la-segunda-circunscripcion-judicial\/","title":{"rendered":"C\u00c1MARA DE APELACIONES EN LO CIVIL, COMERCIAL Y LABORAL DE GOYA: Abren la inscripci\u00f3n para integrar la Lista de S\u00edndicos de la Segunda Circunscripci\u00f3n Judicial"},"content":{"rendered":"<p>El proceso est\u00e1 destinado a contadores p\u00fablicos interesados en actuar en concursos preventivos y quiebras. La inscripci\u00f3n ser\u00e1 exclusivamente virtual y se realizar\u00e1 del 19 al 28 de agosto. Fue aprobada en el Acuerdo N\u00b022\/26 del STJ.<\/p>\n<p>La C\u00e1mara de Apelaciones en lo Civil, Comercial y Laboral de Goya inform\u00f3 la apertura del Concurso de Inscripci\u00f3n para Contadores P\u00fablicos interesados en integrar la Lista de S\u00edndicos que actuar\u00e1 en Concursos Preventivos y Quiebras en el \u00e1mbito de la Segunda Circunscripci\u00f3n Judicial.<\/p>\n<p>La convocatoria se desarrollar\u00e1 de manera virtual desde las 00:00 horas del 19 de agosto hasta las 24:00 horas del 28 de agosto de 2026, conforme a la normativa vigente.<\/p>\n<p>El llamado se realiza en el marco de lo establecido por el art\u00edculo 30, inciso d), del Decreto Ley N\u00ba 26\/00, el Acuerdo N\u00ba 20\/00, punto 11, y los art\u00edculos 253, incisos 1\u00b0 y 2\u00b0, y 262 de la Ley N\u00ba 24.522, que regulan la conformaci\u00f3n de las listas de s\u00edndicos para intervenir en procesos concursales.<\/p>\n<p>La decisi\u00f3n fue adoptada por el Superior Tribunal de Justicia, que dispuso dar amplia difusi\u00f3n a la convocatoria a trav\u00e9s de la Secretar\u00eda y de la p\u00e1gina web oficial del Poder Judicial de Corrientes.<\/p>\n<p>Asimismo, se orden\u00f3 notificar al Consejo Profesional de Ciencias Econ\u00f3micas y a los Colegios de Abogados de todas las Circunscripciones Judiciales, a fin de garantizar la difusi\u00f3n del concurso entre los profesionales interesados.<\/p>\n","protected":false},"excerpt":{"rendered":"<p>El proceso est\u00e1 destinado a contadores p\u00fablicos interesados en actuar en concursos preventivos y quiebras. La inscripci\u00f3n ser\u00e1 exclusivamente virtual y se realizar\u00e1 del 19 al 28 de agosto. Fue aprobada en el Acuerdo N\u00b022\/26 del STJ. La C\u00e1mara de Apelaciones en lo Civil, Comercial y Laboral de Goya inform\u00f3 la apertura del Concurso de [&hellip;]<\/p>\n","protected":false},"author":2,"featured_media":11497,"comment_status":"open","ping_status":"open","sticky":false,"template":"","format":"standard","meta":{"footnotes":""},"categories":[77],"tags":[],"class_list":["post-11496","post","type-post","status-publish","format-standard","has-post-thumbnail","category-local"],"_links":{"self":[{"href":"https:\/\/radiokissnoticias.com.ar\/web\/wp-json\/wp\/v2\/posts\/11496","targetHints":{"allow":["GET"]}}],"collection":[{"href":"https:\/\/radiokissnoticias.com.ar\/web\/wp-json\/wp\/v2\/posts"}],"about":[{"href":"https:\/\/radiokissnoticias.com.ar\/web\/wp-json\/wp\/v2\/types\/post"}],"author":[{"embeddable":true,"href":"https:\/\/radiokissnoticias.com.ar\/web\/wp-json\/wp\/v2\/users\/2"}],"replies":[{"embeddable":true,"href":"https:\/\/radiokissnoticias.com.ar\/web\/wp-json\/wp\/v2\/comments?post=11496"}],"version-history":[{"count":1,"href":"https:\/\/radiokissnoticias.com.ar\/web\/wp-json\/wp\/v2\/posts\/11496\/revisions"}],"predecessor-version":[{"id":11498,"href":"https:\/\/radiokissnoticias.com.ar\/web\/wp-json\/wp\/v2\/posts\/11496\/revisions\/11498"}],"wp:featuredmedia":[{"embeddable":true,"href":"https:\/\/radiokissnoticias.com.ar\/web\/wp-json\/wp\/v2\/media\/11497"}],"wp:attachment":[{"href":"https:\/\/radiokissnoticias.com.ar\/web\/wp-json\/wp\/v2\/media?parent=11496"}],"wp:term":[{"taxonomy":"category","embeddable":true,"href":"https:\/\/radiokissnoticias.com.ar\/web\/wp-json\/wp\/v2\/categories?post=11496"},{"taxonomy":"post_tag","embeddable":true,"href":"https:\/\/radiokissnoticias.com.ar\/web\/wp-json\/wp\/v2\/tags?post=11496"}],"curies":[{"name":"wp","href":"https:\/\/api.w.org\/{rel}","templated":true}]}}