{"id":11487,"date":"2026-08-06T00:39:18","date_gmt":"2026-08-06T03:39:18","guid":{"rendered":"https:\/\/radiokissnoticias.com.ar\/web\/?p=11487"},"modified":"2026-08-06T00:39:18","modified_gmt":"2026-08-06T03:39:18","slug":"el-hcd-de-goya-declaro-de-interes-municipal-a-la-semana-mundial-de-la-lactancia-materna","status":"publish","type":"post","link":"https:\/\/radiokissnoticias.com.ar\/web\/2026\/08\/06\/el-hcd-de-goya-declaro-de-interes-municipal-a-la-semana-mundial-de-la-lactancia-materna\/","title":{"rendered":"El HCD de Goya declar\u00f3 de Inter\u00e9s Municipal a la Semana Mundial de la Lactancia Materna"},"content":{"rendered":"<p>Este proyecto fue presentado en la Sesi\u00f3n de este mi\u00e9rcoles y aprobado por unanimidad Sobre Tablas. En el inicio de la Sesi\u00f3n desde el atril de la presidencia, Cecilia Soloaga en representaci\u00f3n del grupo de Puericultoras de Goya, se dirigi\u00f3 a los presentes explicando las pr\u00e1cticas que promueven, y exhibiendo un cartel alusivo que se mantuvo toda la sesi\u00f3n. La concejal Gabriela Refojos le entreg\u00f3 copia del Proyecto de Ordenanza. Al final de la sesi\u00f3n, el Viceintendente Mazzaro se refiri\u00f3 a la elecci\u00f3n de dos representantes del cuerpo para integrar el COE, discusi\u00f3n que se dio en medios y redes sociales.<\/p>\n<div>La Sesi\u00f3n Ordinaria de este mi\u00e9rcoles 5 de agosto, fue presidida por el titular del HCD, el Viceintendente Sebasti\u00e1n Mazzaro, y tras la lectura de Orden del D\u00eda, aprobaron los presentes el Acta de la sesi\u00f3n anterior.<\/div>\n<div><\/div>\n<div>Se incorporaron y luego fueron aprobados Sobre Tablas, el Proyecto Declarando de inter\u00e9s Municipal la Semana Mundial de la Lactancia Materna, por unanimidad. Por mayor\u00eda se declar\u00f3 de Inter\u00e9s Municipal el VI Congreso de Est\u00e9tica y Masaje.<\/div>\n<div>\n<div id=\"modalFulltext\">\n<div><\/div>\n<div><b><i>Cecilia Soloaga<\/i><\/b><\/div>\n<div><\/div>\n<div>El Presidente del HCD, Sebasti\u00e1n Mazzaro, inici\u00f3 el encuentro destacando la presencia de un grupo de mujeres de la Uni\u00f3n de Puericultoras Argentinas, y las invit\u00f3 a subir al estrado para dejar un mensaje en esta semana tan especial para ellas.<\/div>\n<div><\/div>\n<div>As\u00ed lo hizo en su nombre Cecilia Soloaga, quien destac\u00f3 que lo que significa la semana de la lactancia, del 1 al 7 de agosto todos los a\u00f1os, declarado por instituciones como la Organizaci\u00f3n Mundial de la Salud, que fomenta la lactancia materna o la lactancia humana como necesaria para el inicio sostenido de una vida, lo que es parte del lema de este a\u00f1o.<\/div>\n<div><\/div>\n<div><\/div>\n<div>Dijo que la Lactancia Materna necesita no solo a esa mam\u00e1, sino a todo un grupo de apoyo, tales como la pareja, acompa\u00f1antes, familia, vecinos, la comunidad toda.<\/div>\n<div><\/div>\n<div><\/div>\n<div>Coment\u00f3 que desde la uni\u00f3n de puericultoras quer\u00edan fomentar esta semana el lema de qu\u00e9 si la lactancia es un derecho las puericultoras deb\u00edan contar con una ley, ya que no existe una ley nacional al respecto, y buscan que esta ley se promulgue en el orden nacional, dejando en claro que es una profesi\u00f3n y que como cualquier profesional de la salud, puede ser contratado como tal, y que cada mam\u00e1 puede contar con el apoyo de una puericultora, que acompa\u00f1e este momento de la lactancia desde el preparto, embarazo, incluso desde el Duelo perinatal.<\/div>\n<div><\/div>\n<div>Dijo que ese estado de estado, en que la mujer pasa de ser un ser individual a ser una mam\u00e1 con cambios, tienen que ser aceptados por ella y por su entorno, que s\u00ed est\u00e1 informado es m\u00e1s posible que a lactancia perdure.<\/div>\n<div><\/div>\n<div>Pidi\u00f3 adem\u00e1s que existan licencias importantes no solo para la mam\u00e1 sino tambi\u00e9n para el pap\u00e1, por lo que dijo que hay mucho para trabajar, y luego avanz\u00f3 sobre su rol de comunicadora de esta situaci\u00f3n, y agradeci\u00f3 que el domingo la Catedral se ilumine con sus colores y destac\u00f3 el encuentro comunitario que se llevar\u00e1 a cabo tambi\u00e9n.<\/div>\n<div><\/div>\n<div><\/div>\n<div>Finalizadas esas palabras, la concejal Gabriela Refojos le hizo entrega de una copia de la resoluci\u00f3n al respecto.<\/div>\n<div><\/div>\n<div><b>Notas presentadas en Secretaria<\/b><\/div>\n<div><\/div>\n<div>Seguidamente, el Secretario de HCD, Edgardo Mart\u00ednez, puso en conocimiento de cuerpo cu\u00e1les fueron las notas que se presentaron desde la sesi\u00f3n anterior. Las mismas fueron:<\/div>\n<div><\/div>\n<div>.- De la Asociaci\u00f3n Mutual de Maestros de Goya y Biblioteca Popular Domingo Faustino Sarmiento, que solicita la Declaraci\u00f3n de Inter\u00e9s Municipal al acto de Reconocimiento \u201cLuz de Malvinas\u201d, que se llevar\u00e1 a cabo el s\u00e1bado 15 de agosto de 2026, a las 16,30 en sus instalaciones. Se reserv\u00f3 en Secretar\u00eda.<\/div>\n<div><\/div>\n<div>.- Del Hospital Pedi\u00e1trico Goya \u201c\u00c1ngel de la Guarda\u201d, que env\u00eda una invitaci\u00f3n a participar del Primer Aniversario de la apertura de nuestro \u201cHospital Pedi\u00e1trico de Goya \u00c1ngel de la Guarda\u201d, que se llevar\u00e1 a cabo el d\u00eda 21 de agosto a las 08,30 teniendo como sede el Sal\u00f3n Auditorio del Hospital Regional de Goya Dr. Camilo Muniagurria. Se envi\u00f3 a Ceremonial y Protocolo.<\/div>\n<div><\/div>\n<div>.- De Mar\u00eda Cecilia Zoloaga (Puericultora), qien solicita se declare de Inter\u00e9s Municipal la Semana Mundial de la Lactancia a celebrarse del 1 al 7 de agosto de cada a\u00f1o. Se reserv\u00f3 en Secretar\u00eda.<\/div>\n<div><\/div>\n<div><\/div>\n<div>.- Del Personal de Salud del Hospital Regional Goya, solicitado una audiencia para interiorizarse sobre los reclamos desde ASPROC (Asociaci\u00f3n de los Profesionales de la Salud de Corrientes), para que los ayuden y acompa\u00f1en con sus peticiones. Se reserv\u00f3 en Secretar\u00eda.<\/div>\n<div><\/div>\n<div><b>Proyectos presentados<\/b><\/div>\n<div><\/div>\n<div>Seguidamente, se dieron a conocer los proyectos que se presentaron ante esa cartera, los que fueron:<\/div>\n<div><\/div>\n<div>.- Proyecto de Ordenanza, de autor\u00eda de la Concejal Ver\u00f3nica Ram\u00edrez, sobre Modificatoria y complementaria de la Ordenanza N\u00b0 018\/84. Se envi\u00f3 a la Comisi\u00f3n de Legislaci\u00f3n.<\/div>\n<div><\/div>\n<div>.- Proyecto de Ordenanza, Programa Municipal red en alerta comercio seguro-bot\u00f3n de p\u00e1nico.<\/div>\n<div><\/div>\n<div>.-Proyecto de Ordenanza, de autor\u00eda del Concejal Antonio Mazzaro, sobre Protocolo de se\u00f1alizaci\u00f3n y constancia en el lugar por secuestro de motocicletas en ausencia del titular. Se envi\u00f3 a las comisiones de Transporte, de Econom\u00eda y de Legislaci\u00f3n.<\/div>\n<div><\/div>\n<div>.- Proyecto de Ordenanza de autor\u00eda de los concejales Valeria Calvi y Oscar Ferrero, sobre Prohibici\u00f3n de estacionamiento en la v\u00eda p\u00fablica, de m\u00e1s dos veh\u00edculos por cuadra cuando su destino sea la comercializaci\u00f3n, exhibici\u00f3n o promoci\u00f3n para la venta. Entendi\u00e9ndose por comercializaci\u00f3n la compraventa, permuta o cualquier otra modalidad de oferta, exhibici\u00f3n o promoci\u00f3n con fines comerciales. Fue remitida a las comisiones de Transporte y de Legislaci\u00f3n.<\/div>\n<div><\/div>\n<div>.- Proyecto de Ordenanza de autor\u00eda de la Concejal: Valeria Calvi, sobre Derogar los incisos b), c), d), e) y f) el art\u00edculo 85 de la Ordenanza N\u00b0 63\/77 e incisos b), c), d), e) y f) y art\u00edculo 2 de la<\/div>\n<div>Ordenanza N\u00b0 62\/84 que fija tasa anual e indica obligaciones para propietarios y\/o usuarios frentistas con el fin de gozar del beneficio de prohibici\u00f3n de estacionamiento frente a sus garages. Fue derivada a las comisiones de Econom\u00eda y de Legislaci\u00f3n.<\/div>\n<div><\/div>\n<div>.- Proyecto de Ordenanza, de autor\u00eda del DEM, sobre Autorizaci\u00f3n de firma de acuerdo de licencia de uso de software sistema de gesti\u00f3n de salud municipal, entre la Municipalidad de Goya y la Empresa CODELAND, representada por Mario Rodrigo Rodriguez. Se envi\u00f3 a la Comisi\u00f3n de Legislaci\u00f3n.<\/div>\n<div><\/div>\n<div>.- Proyecto de Ordenanza de autoria de la Concejal Gabriela Refojos sobre Imponer el nombre de \u201cRodolfo Insaurralde\u201d, a la calle colectora de la Avenida Vice Gobernador Francisco S\u00e1, delimitada entre las calles Brasil e Intendente Santiago Ballejos, de la Ciudad de Goya, en homenaje al artista Goyano. Fue enviado para su tratamiento a la Comisi\u00f3n de Cultura.<\/div>\n<div><\/div>\n<div><b>Lactancia Materna<\/b><\/div>\n<div><\/div>\n<div>El primero de los proyectos incorporados, que fue tratado Sobre Tablas y aprobado por unanimidad, fue el que Declara de inter\u00e9s municipal la Semana Mundial de la Lactancia Materna.<\/div>\n<div><\/div>\n<div><b><i>Concejal Marcos Gonz\u00e1lez:<\/i><\/b><\/div>\n<div><\/div>\n<div>Por Secretar\u00eda se dio lectura al mismo, tras lo cual el edil del Partido Justicialista Marcos Gonz\u00e1lez explic\u00f3 que la viabilidad social del proyecto resulta evidente y agreg\u00f3 que la lactancia materna es de reconocidos beneficios para la salud de madres e hijos, con un impacto directo en la reducci\u00f3n de la mortalidad infantil, el fortalecimiento del sistema inmunol\u00f3gico, y el v\u00ednculo temprano.<\/div>\n<div><\/div>\n<div>Apunt\u00f3 que la adhesi\u00f3n a esta semana internacional, refuerza el compromiso de la comunidad de Goya con estos lineamientos, y con la protecci\u00f3n de la salud p\u00fablica.<\/div>\n<div><\/div>\n<div>Agreg\u00f3 que la fuerza de esa declaraci\u00f3n reside en la autoridad moral e institucional, contribuyendo a visualizar la problem\u00e1tica, a estimular la participaci\u00f3n ciudadana y fortalecer las pol\u00edticas p\u00fablicas de promoci\u00f3n de la salud, la equidad y la protecci\u00f3n de la primera infancia en el municipio.<\/div>\n<div><\/div>\n<div>Tras esa fundamentaci\u00f3n, solicit\u00f3 el acompa\u00f1amiento de sus pares, que se manifestaron con el voto un\u00e1nime.<\/div>\n<div><\/div>\n<div>La norma aprobada establece:<\/div>\n<div><\/div>\n<div>ART\u00cdCULO 1\u00b0: DECL\u00c1RASE de Inter\u00e9s Municipal la Semana Mundial de la Lactancia Materna, a desarrollarse entre los d\u00edas 1 y 7 de agosto de 2026, bajo el lema \u00abLactancia materna: un inicio sostenible con cualquier circunstancia. Fortalezcamos las acciones que funcionan\u00bb, por su destacada contribuci\u00f3n a la salud p\u00fablica, la protecci\u00f3n de la primera infancia y el fortalecimiento de los derechos de las familias.<\/div>\n<div>ART\u00cdCULO 2\u00b0: EXPR\u00c9SASE el reconocimiento de este Honorable Concejo Deliberante a la Campa\u00f1a Nacional \u00abLey de Puericultoras Ya\u00bb y a la Uni\u00f3n de Puericultoras Argentinas por su destacada labor de concientizaci\u00f3n, promoci\u00f3n de la salud, visibilizaci\u00f3n del rol de la puericultura y acompa\u00f1amiento t\u00e9cnico-afectivo a las personas gestantes y sus familias.<\/div>\n<div>ART\u00cdCULO 3\u00b0: ADHI\u00c9RASE a las acciones de concientizaci\u00f3n y sensibilizaci\u00f3n comunitaria programadas en el Municipio e INV\u00cdTASE al Departamento Ejecutivo Municipal y a las instituciones civiles y religiosas de la ciudad a disponer la iluminaci\u00f3n simb\u00f3lica de edificios emblem\u00e1ticos, entre ellos la Iglesia Catedral Nuestra Se\u00f1ora del Rosario, con el color lila durante el desarrollo de la mencionada semana.<\/div>\n<div>ART\u00cdCULO 4\u00b0: COMUN\u00cdQUESE la presente declaraci\u00f3n a la Campa\u00f1a Nacional \u00abLey de Puericultoras Ya\u00bb \u2014 Uni\u00f3n de Puericultoras Argentinas, al Departamento Ejecutivo Municipal, publ\u00edquese en el sitio oficial del Honorable Concejo Deliberante y arch\u00edvese.<\/div>\n<div>ART\u00cdCULO 5\u00b0: De forma.<\/div>\n<div><\/div>\n<div><b>De Inter\u00e9s Municipal VI Congreso de Est\u00e9tica y Masaje<\/b><\/div>\n<div><\/div>\n<div>Tambi\u00e9n Sobre Tablas se aprob\u00f3, en este caso por mayor\u00eda, el Proyecto de Resoluci\u00f3n sobre Declarar de Inter\u00e9s Municipal la 6ta Edici\u00f3n del Congreso de Est\u00e9tica y Masaje, organizado por el Instituto de Formaci\u00f3n Profesional Sebasti\u00e1n Zalazar.<\/div>\n<div><\/div>\n<div><i><b>Vivian Merlo:<\/b><\/i><\/div>\n<div><\/div>\n<div>Luego de que el Secretario del Cuerpo, Edgardo Mart\u00ednez, diera lectura al proyecto, la autora de mismo Vivian Merlo (UCR \u2013 Vamos Corrientes), luego de agradecer la presencia de Sebasti\u00e1n Zalazar, dijo que le ped\u00eda a sus pares que acompa\u00f1en este tipo de iniciativa que apuesta a la capacitaci\u00f3n y a la formaci\u00f3n, mediante este tipo de evento de relevancia, trayendo profesionales de otros pa\u00edses y elevando el nivel de conocimiento del alumnado.<\/div>\n<div><\/div>\n<div><\/div>\n<div>Pidi\u00f3 nuevamente el poder acompa\u00f1ar el evento, visualiz\u00e1ndolo, y record\u00f3 que el mismo tendr\u00e1 lugar el 15 de agosto.<\/div>\n<div><\/div>\n<div><\/div>\n<div>Tras estas palabras, desde Presidencia se puso a consideraci\u00f3n el proyecto, que fue aprobado por mayor\u00eda.<\/div>\n<div><\/div>\n<div><\/div>\n<div><b>Libre Uso de la Palabra<\/b><\/div>\n<div><\/div>\n<div>Finalizado el tratamiento del temario de la Sesi\u00f3n Ordinaria, el Presidente del Cuerpo y Viceintendente Municipal Sebasti\u00e1n Mazzaro, invit\u00f3 a los concejales que as\u00ed lo deseen a expresarse en el Libre Uso de la Palabra.<\/div>\n<div><\/div>\n<div><b>Eladia Fern\u00e1ndez<\/b><\/div>\n<p><img decoding=\"async\" id=\"202608052042544956\" class=\"validImg controledImg\" src=\"https:\/\/www.powernoticias.com\/images\/202608052042544956\" name=\"img-202608052042544956\" \/><\/p>\n<div>As\u00ed lo hizo la concejal de Nuevo Encuentro, Eladia Fern\u00e1ndez, la que comenz\u00f3 diciendo que no hablaba solo como concejal sino teniendo en cuenta su historia como pobladora rural, por lo que dijo conoc\u00eda de primera mano lo que cuesta producir alimentos en la provincia, \u201cmientras que los de arriba se reparten el mango&#8221;, asegur\u00f3.<\/div>\n<div><\/div>\n<div>Record\u00f3 que el d\u00eda 6 de agosto en el senado de la naci\u00f3n si trata el proyecto que, desde el gobierno nacional bautizaron ir\u00f3nicamente como ley de inviolabilidad de la propiedad privada.<\/div>\n<div><\/div>\n<div>Pidi\u00f3 no dejarse enga\u00f1ar por t\u00edtulos rimbombantes, agregando que es un paquete de entrega territorial encubierta.<\/div>\n<div><\/div>\n<div>Indic\u00f3 que desde su espacio pol\u00edtico lo advierten con claridad, que la eliminaci\u00f3n de esa norma aleja los controles estatales para avalar el extractivismo y la especulaci\u00f3n financiera internacional.<\/div>\n<div><\/div>\n<div>Analiz\u00f3 que s\u00ed la ley de tierras cae el resultado es claro, menos control sobre qui\u00e9n compra el pa\u00eds. M\u00e1s poder para los grandes grupos econ\u00f3micos concentrados, y menos soberan\u00eda para el pueblo argentino.<\/div>\n<div><\/div>\n<div>Dio cifras en su alocuci\u00f3n y dijo que son m\u00e1s de 13 millones las hect\u00e1reas que se encuentran en manos extranjeras, lo que significa \u201ccomprometer el futuro de las siguientes generaciones, ya que se involucra directamente a nuestros bienes materiales\u201d.<\/div>\n<div><\/div>\n<div>Con relaci\u00f3n a lo que ocurre en esta provincia dijo que mientras el gobierno nacional avanza los gobiernos provincial y municipal miran hacia otro lado, lo que los hace c\u00f3mplices.<\/div>\n<div><\/div>\n<div>Coment\u00f3 que el proceso de extranjerizaci\u00f3n golpea con fuerza la cuenca del Paran\u00e1, y que en Corrientes la extranjerizaci\u00f3n alcanza 7,63% de la superficie provincial, unas 554,000 hect\u00e1reas. Con un capital estadounidense que lidera esto con m\u00e1s de 122.000 hect\u00e1reas, coincidiendo con la expansi\u00f3n de la agricultura a gran escala orientada al arroz.<\/div>\n<div><\/div>\n<div>Esos fondos de EEUU se consolidan y son dominantes en miles de hect\u00e1reas del centro\/este de la provincia, en muchos casos humedales y zonas cercanas a los Esteros del Iber\u00e1.<\/div>\n<div><\/div>\n<div>Casi 70.000 hect\u00e1reas correntinas figuran bajo la titularidad de Luxemburgo, con 39.600 hect\u00e1reas en Goya, pero tambi\u00e9n en Esquina y Curuz\u00fa Cuati\u00e1. Luxemburgo es un para\u00edso fiscal y se dificulta rastrear la titularidad, ya que hay muchas empresas fantasmas.<\/div>\n<div><\/div>\n<div>Remarc\u00f3 que de esta forma se entrega el territorio a las grandes forestadoras y a los arroceros que secan los grandes humedales, dando la espalda a quienes trabajan la tierra con las manos.<\/div>\n<div><\/div>\n<div>Finaliz\u00f3 diciendo que la tierra no es una mercanc\u00eda, sino que resguarda la vida, contiene el agua dulce y permite producir alimentos, invitando a sus pares a no ser c\u00f3mplices y sumarse al repudio, ya que defender la Ley de Tierras no es defender una bandera pol\u00edtica o partidaria, sino defender la cuenca del Paran\u00e1, y defender a la gente, finaliz\u00f3.<\/div>\n<div><\/div>\n<div><b><i>Sebasti\u00e1n Mazzaro:<\/i><\/b><\/div>\n<p><img decoding=\"async\" id=\"202608052041487330\" class=\"validImg controledImg\" src=\"https:\/\/www.powernoticias.com\/images\/202608052041487330\" name=\"img-202608052041487330\" \/><\/p>\n<div>\n<div><\/div>\n<div>Asumiendo que no es concejal sino que preside el cuerpo como Viceintendente, Sebasti\u00e1n Mazzaro pidi\u00f3 autorizaci\u00f3n a los ediles para poder expresarse, lo que le fue concedido.<\/div>\n<div><\/div>\n<div>Comenz\u00f3 diciendo que quer\u00eda hablar sobre la elecci\u00f3n de los miembros del HCD que lo van a representar en el COE, y dijo que quer\u00eda referirse a algunas acusaciones que vio en algunas publicaciones, y que lo hac\u00eda como parte del ejecutivo.<\/div>\n<div><\/div>\n<div>Dijo que se puso en duda las formas en que se eligi\u00f3 y las futuras faltas de transparencia en manejo de fondos que habr\u00eda en el futuro, y se dijo que \u201cac\u00e1 el oficialismo hace lo que quiere\u201d.<\/div>\n<div><\/div>\n<div>Sobre esto Dijo que nunca el oficialismo hizo lo que quiere sino que siempre se hizo lo que la mayor\u00eda decidi\u00f3, aunque no les guste.<\/div>\n<div><\/div>\n<div>Avanz\u00f3 en sus conceptos y dijo que los que alguna vez fueron mayor\u00eda hoy son minor\u00eda, y que si hablamos del COE, continu\u00f3 Mazzaro, es facultad del intendente y lo hizo p\u00fablico, asumiendo que las autoridades de distintas entidades que integran el COE los representan, se puede pensar que las autoridades ser\u00e1n los representantes en el comit\u00e9, fue el oficialismo el que convoc\u00f3 a una reuni\u00f3n para plantear esto, y ante la disidencia de la oposici\u00f3n se termin\u00f3 llamando a una sesi\u00f3n especial para resolverlo. Y fue el oficialismo el que llam\u00f3 a debate en este recinto<\/div>\n<div><\/div>\n<div>\u201cEsto es la democracia\u201d, dijo Mazzaro, \u201cdecidir por mayor\u00edas aunque a veces duela que no nos toque formar parte de las mayor\u00edas\u201d.<\/div>\n<div><\/div>\n<div>Coment\u00f3 que no le parec\u00eda que haya que hacer p\u00fablico la falta de transparencia ante un futuro env\u00edo de fondos, porque si no est\u00e1 la oposici\u00f3n no es transparente. Sobre este particular dijo que hacer futurolog\u00eda no es bueno y menos en este tipo de situaciones.<\/div>\n<div><\/div>\n<div>Dijo que tratar de sacar un beneficio pol\u00edtico a un posible escenario es poco responsable.<\/div>\n<div><\/div>\n<div>Agreg\u00f3 que sobre la falta de transparencia de los concejales, que hubo uno que cobr\u00f3 t\u00edtulo universitario sin tenerlo y que pertenec\u00eda a la fuerza pol\u00edtica que hoy habla de esta posible falta de transparencia. Sobre otros que dicen esto, afirm\u00f3 que aprobaron la compra de una planta asf\u00e1ltica en desuso, que nunca la supieron usar y que la terminaron devolviendo porque no la pod\u00edan pagar.<\/div>\n<div><\/div>\n<div>Record\u00f3 que estos concejales aprobaron la emisi\u00f3n de cheques diferidos, justo en una \u00e9poca electoral, justo cuando los fondos no alcanzaban, endeudando a la futura gesti\u00f3n que pod\u00eda ser de ellos o no. Y no fue propia de los que autorizaban los cheques diferidos.<\/div>\n<div><\/div>\n<div>Se refiri\u00f3 a esa gesti\u00f3n con el nombre de kirchnerismo, dijo que sin acusar describ\u00eda una realidad, mientras que fue el modelo de gesti\u00f3n actual el que levant\u00f3 todas las deudas, que se aproximaban a 5 millones de d\u00f3lares.<\/div>\n<div><\/div>\n<div>En ese tono continu\u00f3 su discurso y finaliz\u00f3 diciendo que a la sociedad, con el fen\u00f3meno clim\u00e1tico que se avecina, no se merec\u00eda que haya concejales irresponsables tratando de sacar una tajada pol\u00edtica con un discurso vac\u00edo, que esperaba que los concejales salgan a trabajar, y el COE no va a impedir eso.<\/div>\n<div><\/div>\n<div>Al concluir dijo que Goya necesita seguir trabajando en democracia, y salir a la calle para que los vecinos resuelvan sus problemas<\/div>\n<div><\/div>\n<div>Tras esta intervenci\u00f3n, y al no haber m\u00e1s interesados en expresarse en ese momento, dio por concluida la sesi\u00f3n ordinaria del 5 de agosto de 2026.<\/div>\n<div><\/div>\n<\/div>\n<\/div>\n<div>\n<div id=\"117986-4\"><\/div>\n<\/div>\n<\/div>\n<div><\/div>\n","protected":false},"excerpt":{"rendered":"<p>Este proyecto fue presentado en la Sesi\u00f3n de este mi\u00e9rcoles y aprobado por unanimidad Sobre Tablas. En el inicio de la Sesi\u00f3n desde el atril de la presidencia, Cecilia Soloaga en representaci\u00f3n del grupo de Puericultoras de Goya, se dirigi\u00f3 a los presentes explicando las pr\u00e1cticas que promueven, y exhibiendo un cartel alusivo que se [&hellip;]<\/p>\n","protected":false},"author":2,"featured_media":11488,"comment_status":"open","ping_status":"open","sticky":false,"template":"","format":"standard","meta":{"footnotes":""},"categories":[77],"tags":[],"class_list":["post-11487","post","type-post","status-publish","format-standard","has-post-thumbnail","category-local"],"_links":{"self":[{"href":"https:\/\/radiokissnoticias.com.ar\/web\/wp-json\/wp\/v2\/posts\/11487","targetHints":{"allow":["GET"]}}],"collection":[{"href":"https:\/\/radiokissnoticias.com.ar\/web\/wp-json\/wp\/v2\/posts"}],"about":[{"href":"https:\/\/radiokissnoticias.com.ar\/web\/wp-json\/wp\/v2\/types\/post"}],"author":[{"embeddable":true,"href":"https:\/\/radiokissnoticias.com.ar\/web\/wp-json\/wp\/v2\/users\/2"}],"replies":[{"embeddable":true,"href":"https:\/\/radiokissnoticias.com.ar\/web\/wp-json\/wp\/v2\/comments?post=11487"}],"version-history":[{"count":2,"href":"https:\/\/radiokissnoticias.com.ar\/web\/wp-json\/wp\/v2\/posts\/11487\/revisions"}],"predecessor-version":[{"id":11490,"href":"https:\/\/radiokissnoticias.com.ar\/web\/wp-json\/wp\/v2\/posts\/11487\/revisions\/11490"}],"wp:featuredmedia":[{"embeddable":true,"href":"https:\/\/radiokissnoticias.com.ar\/web\/wp-json\/wp\/v2\/media\/11488"}],"wp:attachment":[{"href":"https:\/\/radiokissnoticias.com.ar\/web\/wp-json\/wp\/v2\/media?parent=11487"}],"wp:term":[{"taxonomy":"category","embeddable":true,"href":"https:\/\/radiokissnoticias.com.ar\/web\/wp-json\/wp\/v2\/categories?post=11487"},{"taxonomy":"post_tag","embeddable":true,"href":"https:\/\/radiokissnoticias.com.ar\/web\/wp-json\/wp\/v2\/tags?post=11487"}],"curies":[{"name":"wp","href":"https:\/\/api.w.org\/{rel}","templated":true}]}}