{"id":11479,"date":"2026-08-06T00:32:47","date_gmt":"2026-08-06T03:32:47","guid":{"rendered":"https:\/\/radiokissnoticias.com.ar\/web\/?p=11479"},"modified":"2026-08-06T00:34:51","modified_gmt":"2026-08-06T03:34:51","slug":"la-concejal-merlo-aseguro-que-ella-y-frattini-fueron-legitimamente-electos-para-representar-al-hcd-en-el-coe","status":"publish","type":"post","link":"https:\/\/radiokissnoticias.com.ar\/web\/2026\/08\/06\/la-concejal-merlo-aseguro-que-ella-y-frattini-fueron-legitimamente-electos-para-representar-al-hcd-en-el-coe\/","title":{"rendered":"La concejal Merlo asegur\u00f3 que ella y Frattini fueron leg\u00edtimamente electos para representar al HCD en el COE"},"content":{"rendered":"<p>La edil Vivian Merlo indic\u00f3 que tanto ella como Marcelo Frattini fueron elegidos en un acto democr\u00e1tico, por la voluntad de la mayor\u00eda, y que el HCD sigue ejerciendo su rol de contralor del DEM, que eso nunca se pudo en dudas<\/p>\n<div>Mediante una Sesi\u00f3n Especial llevada a cabo en la ma\u00f1ana del lunes 3 de agosto, el Honorable Concejo Deliberante design\u00f3 a los ediles Marcelo Frattini (PL &#8211; Vamos Corrientes) y Vivian Merlo (UCR &#8211; Vamos Corrientes) para que representen al cuerpo deliberativo en la conformaci\u00f3n del COE Goya (Comit\u00e9 Operativo de Emergencia), ante el pron\u00f3stico de abundantes lluvias y tormentas por el fen\u00f3meno de El Ni\u00f1o.<\/div>\n<div><\/div>\n<div>Coment\u00f3 la concejal Merlo que las estrategias elaboradas por el Municipio ante la posible contingencia que ocasione el fen\u00f3meno del Ni\u00f1o, con una planificaci\u00f3n, de todos los sectores sociales, incluidos los concejales.<\/div>\n<div><\/div>\n<div>En relaci\u00f3n a la Sesi\u00f3n Especial convocada en la noche del lunes por el presidente del HCD Sebasti\u00e1n Mazzaro, rese\u00f1\u00f3: &#8220;El cuerpo decidi\u00f3 por mayor\u00eda que representemos al Concejo las autoridades del cuerpo deliberativo, Marcelo Frattini y yo, entendiendo que es una representaci\u00f3n institucional, as\u00ed lo expresaron nuestros pares, no una cuesti\u00f3n pol\u00edtica&#8221;.<\/div>\n<div><\/div>\n<div>&#8220;El cargo no es una situaci\u00f3n de privilegio, como cuerpo entendemos que las autoridades deben representar. Hemos conversado con todos los pares antes de la sesi\u00f3n especial, para trabajar en conjunto ante esta situaci\u00f3n; pero reitero, es una representaci\u00f3n institucional del legislativo&#8221;.<\/div>\n<div><\/div>\n<div><b>INSTITUCIONALIDAD DEL CUERPO DELIBERATIVO<\/b><\/div>\n<div><\/div>\n<div>Finalmente, en su di\u00e1logo con la prensa la concejal Vivian Merlo mencion\u00f3: &#8220;En la sesi\u00f3n se puso a consideraci\u00f3n dos mociones, al cabo de la cual en la votaci\u00f3n, de manera democr\u00e1tica, la mayor\u00eda opt\u00f3 con 9 votos a 6 esta designaci\u00f3n representativa del cuerpo. Debemos dejar claro que es una cuesti\u00f3n institucional, no afecta a lo pol\u00edtico. Los concejales seguiremos cumpliendo funciones y roles correspondientes en el tratamiento ordinario de las cuestiones, en nuestras sesiones&#8221;.<\/div>\n<div><\/div>\n<div>&#8220;Tenemos un pron\u00f3stico, sin conocer la magnitud de los efectos que puede ocasionar esta corriente del Ni\u00f1o, (y esta representatividad del HCD en el COE) es un instrumento que contribuye al acompa\u00f1amiento de las decisiones a partir de una planificaci\u00f3n organizada desde el Ejecutivo Municipal&#8221;.<\/div>\n","protected":false},"excerpt":{"rendered":"<p>La edil Vivian Merlo indic\u00f3 que tanto ella como Marcelo Frattini fueron elegidos en un acto democr\u00e1tico, por la voluntad de la mayor\u00eda, y que el HCD sigue ejerciendo su rol de contralor del DEM, que eso nunca se pudo en dudas Mediante una Sesi\u00f3n Especial llevada a cabo en la ma\u00f1ana del lunes 3 [&hellip;]<\/p>\n","protected":false},"author":2,"featured_media":11482,"comment_status":"open","ping_status":"open","sticky":false,"template":"","format":"standard","meta":{"footnotes":""},"categories":[77],"tags":[],"class_list":["post-11479","post","type-post","status-publish","format-standard","has-post-thumbnail","category-local"],"_links":{"self":[{"href":"https:\/\/radiokissnoticias.com.ar\/web\/wp-json\/wp\/v2\/posts\/11479","targetHints":{"allow":["GET"]}}],"collection":[{"href":"https:\/\/radiokissnoticias.com.ar\/web\/wp-json\/wp\/v2\/posts"}],"about":[{"href":"https:\/\/radiokissnoticias.com.ar\/web\/wp-json\/wp\/v2\/types\/post"}],"author":[{"embeddable":true,"href":"https:\/\/radiokissnoticias.com.ar\/web\/wp-json\/wp\/v2\/users\/2"}],"replies":[{"embeddable":true,"href":"https:\/\/radiokissnoticias.com.ar\/web\/wp-json\/wp\/v2\/comments?post=11479"}],"version-history":[{"count":1,"href":"https:\/\/radiokissnoticias.com.ar\/web\/wp-json\/wp\/v2\/posts\/11479\/revisions"}],"predecessor-version":[{"id":11481,"href":"https:\/\/radiokissnoticias.com.ar\/web\/wp-json\/wp\/v2\/posts\/11479\/revisions\/11481"}],"wp:featuredmedia":[{"embeddable":true,"href":"https:\/\/radiokissnoticias.com.ar\/web\/wp-json\/wp\/v2\/media\/11482"}],"wp:attachment":[{"href":"https:\/\/radiokissnoticias.com.ar\/web\/wp-json\/wp\/v2\/media?parent=11479"}],"wp:term":[{"taxonomy":"category","embeddable":true,"href":"https:\/\/radiokissnoticias.com.ar\/web\/wp-json\/wp\/v2\/categories?post=11479"},{"taxonomy":"post_tag","embeddable":true,"href":"https:\/\/radiokissnoticias.com.ar\/web\/wp-json\/wp\/v2\/tags?post=11479"}],"curies":[{"name":"wp","href":"https:\/\/api.w.org\/{rel}","templated":true}]}}