{"id":11472,"date":"2026-08-06T00:25:01","date_gmt":"2026-08-06T03:25:01","guid":{"rendered":"https:\/\/radiokissnoticias.com.ar\/web\/?p=11472"},"modified":"2026-08-06T00:25:01","modified_gmt":"2026-08-06T03:25:01","slug":"capturaron-al-peligroso-sujeto-que-habia-escapado-de-una-comisaria-en-monte-caseros","status":"publish","type":"post","link":"https:\/\/radiokissnoticias.com.ar\/web\/2026\/08\/06\/capturaron-al-peligroso-sujeto-que-habia-escapado-de-una-comisaria-en-monte-caseros\/","title":{"rendered":"Capturaron al peligroso sujeto que hab\u00eda escapado de una comisar\u00eda en Monte Caseros"},"content":{"rendered":"<p>Tras un amplio despliegue policial que abarc\u00f3 rastrillajes terrestres, canes rastreadores y tecnolog\u00eda de drones, fue recapturado este mi\u00e9rcoles por la ma\u00f1ana Cristian Villalba, el hombre que permanec\u00eda pr\u00f3fugo desde la v\u00edspera tras haberse evadido de las oficinas de la Defensor\u00eda Oficial de esa ciudad.<\/p>\n<p>El procedimiento de captura se concret\u00f3 cerca de las 09:10 en una ruta de Monte Caseros a la altura del kil\u00f3metro 9, en una zona de barrios perif\u00e9ricos donde el sospechoso fue avistado deambulando. La alerta emitida por los vecinos, sumada al patrullaje preventivo de un m\u00f3vil policial, permiti\u00f3 interceptarlo y poner fin a su huida, la cual no lleg\u00f3 a completar las 24 horas.<\/p>\n<p>Fue gracias a un operativo conjunto encabezado por los fiscales de Mocoret\u00e1, Bruno Monzon, y de Monte Caseros, Ricardo L\u00f3pez Ruiz, y ejecutado por la Polic\u00eda de la Provincia, la Prefectura Naval Argentina (PNA) y el Ej\u00e9rcito Argentino. Hab\u00eda sido declarado en rebeld\u00eda y era intensamente buscado desde anoche.<\/p>\n<p>La fuga y el operativo cerrojo<br \/>\nVillalba, quien se encontraba detenido en la Comisar\u00eda Primera acusado por graves delitos contra la integridad sexual, hab\u00eda logrado escapar este martes por la ma\u00f1ana luego de solicitar una audiencia en las dependencias de la Defensor\u00eda Oficial, pocas horas antes de que se concretara su traslado al penal de Corrientes Capital.<\/p>\n<p>Tras su escape, el sujeto huy\u00f3 inicialmente por calle Perell\u00f3 hacia Sarmiento y Entre R\u00edos, zona en la que fue registrado en un video de gran repercusi\u00f3n cuando ingresaba a sectores con agua en cercan\u00edas de \u00abla Bomba\u00bb.<\/p>\n<p>Ante la advertencia sobre la peligrosidad del evadido \u2014quien no es oriundo de la zona y cuyo prontuario motiv\u00f3 m\u00e1xima alerta\u2014, la Jefatura policial dispuso un operativo cerrojo de gran envergadura.<\/p>\n<p>Las labores de b\u00fasqueda involucraron de manera coordinada a: La Unidad Regional III y comisar\u00edas de la jurisdicci\u00f3n. El Grupo T\u00e1ctico Operativo (GTO) de San Francisco y de Paso de los Libres. La Brigada de Investigaciones. Divisiones de Canes y Drones procedentes de Corrientes Capital. Apoyo operativo de efectivos de Curuz\u00fa Cuati\u00e1, Juan Pujol y Mocoret\u00e1, adem\u00e1s de colaboradores civiles con tecnolog\u00eda a\u00e9rea.<\/p>\n<p>El comisario mayor Juan Ram\u00f3n Lima, director de la Unidad Regional III, confirm\u00f3 la recaptura y detall\u00f3 que, tras ser ubicado gracias al aviso de los vecinos en la zona de la ruta, el pr\u00f3fugo fue trasladado de inmediato a la comisar\u00eda local.<\/p>\n<p>El detenido qued\u00f3 nuevamente a disposici\u00f3n de la Justicia, sometido a los controles m\u00e9dicos de rigor, mientras las autoridades eval\u00faan su urgente derivaci\u00f3n a un establecimiento penitenciario de mayor seguridad.<\/p>\n<p>El fiscal Monz\u00f3n, que lo investiga por abuso sexual y por eso activ\u00f3 ayer el operativo para capturarlo, hab\u00eda alertado con ese fin a Interpol, ante la posibilidad de que Villalba lograra alcanzar la frontera. Ahora, el fiscal impulsar\u00e1 que el imputado sea trasladado a un establecimiento de mayor seguridad. Lo har\u00e1 ante el juez de Garant\u00edas de Monte Caseros, Alfredo Aguirre, que anoche ya hab\u00eda concedido declararlo en rebeld\u00eda.<\/p>\n","protected":false},"excerpt":{"rendered":"<p>Tras un amplio despliegue policial que abarc\u00f3 rastrillajes terrestres, canes rastreadores y tecnolog\u00eda de drones, fue recapturado este mi\u00e9rcoles por la ma\u00f1ana Cristian Villalba, el hombre que permanec\u00eda pr\u00f3fugo desde la v\u00edspera tras haberse evadido de las oficinas de la Defensor\u00eda Oficial de esa ciudad. El procedimiento de captura se concret\u00f3 cerca de las 09:10 [&hellip;]<\/p>\n","protected":false},"author":2,"featured_media":11473,"comment_status":"open","ping_status":"open","sticky":false,"template":"","format":"standard","meta":{"footnotes":""},"categories":[82],"tags":[],"class_list":["post-11472","post","type-post","status-publish","format-standard","has-post-thumbnail","category-policiales"],"_links":{"self":[{"href":"https:\/\/radiokissnoticias.com.ar\/web\/wp-json\/wp\/v2\/posts\/11472","targetHints":{"allow":["GET"]}}],"collection":[{"href":"https:\/\/radiokissnoticias.com.ar\/web\/wp-json\/wp\/v2\/posts"}],"about":[{"href":"https:\/\/radiokissnoticias.com.ar\/web\/wp-json\/wp\/v2\/types\/post"}],"author":[{"embeddable":true,"href":"https:\/\/radiokissnoticias.com.ar\/web\/wp-json\/wp\/v2\/users\/2"}],"replies":[{"embeddable":true,"href":"https:\/\/radiokissnoticias.com.ar\/web\/wp-json\/wp\/v2\/comments?post=11472"}],"version-history":[{"count":1,"href":"https:\/\/radiokissnoticias.com.ar\/web\/wp-json\/wp\/v2\/posts\/11472\/revisions"}],"predecessor-version":[{"id":11474,"href":"https:\/\/radiokissnoticias.com.ar\/web\/wp-json\/wp\/v2\/posts\/11472\/revisions\/11474"}],"wp:featuredmedia":[{"embeddable":true,"href":"https:\/\/radiokissnoticias.com.ar\/web\/wp-json\/wp\/v2\/media\/11473"}],"wp:attachment":[{"href":"https:\/\/radiokissnoticias.com.ar\/web\/wp-json\/wp\/v2\/media?parent=11472"}],"wp:term":[{"taxonomy":"category","embeddable":true,"href":"https:\/\/radiokissnoticias.com.ar\/web\/wp-json\/wp\/v2\/categories?post=11472"},{"taxonomy":"post_tag","embeddable":true,"href":"https:\/\/radiokissnoticias.com.ar\/web\/wp-json\/wp\/v2\/tags?post=11472"}],"curies":[{"name":"wp","href":"https:\/\/api.w.org\/{rel}","templated":true}]}}