{"id":11467,"date":"2026-08-05T14:48:21","date_gmt":"2026-08-05T17:48:21","guid":{"rendered":"https:\/\/radiokissnoticias.com.ar\/web\/?p=11467"},"modified":"2026-08-05T14:51:15","modified_gmt":"2026-08-05T17:51:15","slug":"una-nueva-encuesta-anticipa-gran-paridad-para-2027-y-revela-quien-ganaria-en-un-ajustado-balotaje","status":"publish","type":"post","link":"https:\/\/radiokissnoticias.com.ar\/web\/2026\/08\/05\/una-nueva-encuesta-anticipa-gran-paridad-para-2027-y-revela-quien-ganaria-en-un-ajustado-balotaje\/","title":{"rendered":"Una nueva encuesta anticipa gran paridad para 2027 y revela qui\u00e9n ganar\u00eda en un ajustado balotaje"},"content":{"rendered":"<p>El sondeo realizado a fines de julio por la consultora Trends tambi\u00e9n mide la imagen positiva de varios pol\u00edticos y hay un virtual empate entre tres de ellos.<\/p>\n<p>Una encuesta nacional mostr\u00f3 un escenario de fuerte paridad de cara a las elecciones presidenciales de 2027, con una ventaja de dos puntos para La Libertad Avanza sobre el peronismo en intenci\u00f3n de voto para la primera vuelta y una diferencia de apenas un punto entre el presidente Javier Milei y el gobernador bonaerense Axel Kicillof en un eventual balotaje.<\/p>\n<p>Ante la consulta sobre qu\u00e9 espacio pol\u00edtico votar\u00edan en las elecciones presidenciales de 2027, el 32% respondi\u00f3 por La Libertad Avanza, mientras que el 30% eligi\u00f3 al peronismo.<\/p>\n<p>M\u00e1s atr\u00e1s se ubicaron la izquierda con el 10%, el PRO con el 9%, Provincias Unidas con el 3%, otros espacios con el 7%, el voto en blanco o nulo con el 3% y el 6% contest\u00f3 que no sabe o no respondi\u00f3.<\/p>\n<p>El relevamiento, realizado entre el 21 y el 28 de julio por la consultora Trends sobre 2.000 casos en todo el pa\u00eds mediante modalidad online, tiene un margen de error de +\/- 2,2% y se\u00f1ala que en un escenario de segunda vuelta entre Milei y Kicillof, el mandatario nacional obtuvo el 41% de intenci\u00f3n de voto frente al 40% del gobernador bonaerense. Adem\u00e1s, el 11% manifest\u00f3 que votar\u00eda en blanco o anular\u00eda su voto y el 8% respondi\u00f3 que a\u00fan no sabe.<\/p>\n<p>El estudio tambi\u00e9n relev\u00f3 el estado de \u00e1nimo de la poblaci\u00f3n respecto del futuro del pa\u00eds. El 30% expres\u00f3 &#8220;esperanza&#8221;, mientras que el 55% manifest\u00f3 sentimientos negativos, distribuidos entre enojo (23%), tristeza (18%), decepci\u00f3n (9%) y temor (5%). Un 10% se mostr\u00f3 neutral.<\/p>\n<p>En cuanto a la evaluaci\u00f3n de la gesti\u00f3n nacional, el 38% tuvo una valoraci\u00f3n positiva (16% muy buena y 22% buena), mientras que el 60% la calific\u00f3 de manera negativa (14% mala y 46% muy mala).<\/p>\n<p>El sondeo incluy\u00f3 adem\u00e1s un ranking de imagen de dirigentes nacionales. Javier Milei encabez\u00f3 la lista con un 41% de imagen positiva y un -58% de negativa. Lo siguieron la ministra de Seguridad, Patricia Bullrich y Kicillof, ambos con 40% de imagen positiva, aunque con niveles de rechazo del -56% y -58%, respectivamente.<\/p>\n<p>M\u00e1s atr\u00e1s quedaron la ex presidenta Cristina Fern\u00e1ndez de Kirchner, con 38% de imagen positiva y -59% de negativa; el ex presidente Mauricio Macri, con 37% y -62%; el diputado Diego Santilli, con 32% y -47%; y la secretaria general de la Presidencia, Karina Milei, con 24% de imagen positiva y -71% de negativa.<\/p>\n","protected":false},"excerpt":{"rendered":"<p>El sondeo realizado a fines de julio por la consultora Trends tambi\u00e9n mide la imagen positiva de varios pol\u00edticos y hay un virtual empate entre tres de ellos. Una encuesta nacional mostr\u00f3 un escenario de fuerte paridad de cara a las elecciones presidenciales de 2027, con una ventaja de dos puntos para La Libertad Avanza [&hellip;]<\/p>\n","protected":false},"author":2,"featured_media":11470,"comment_status":"open","ping_status":"open","sticky":false,"template":"","format":"standard","meta":{"footnotes":""},"categories":[81],"tags":[],"class_list":["post-11467","post","type-post","status-publish","format-standard","has-post-thumbnail","category-politica"],"_links":{"self":[{"href":"https:\/\/radiokissnoticias.com.ar\/web\/wp-json\/wp\/v2\/posts\/11467","targetHints":{"allow":["GET"]}}],"collection":[{"href":"https:\/\/radiokissnoticias.com.ar\/web\/wp-json\/wp\/v2\/posts"}],"about":[{"href":"https:\/\/radiokissnoticias.com.ar\/web\/wp-json\/wp\/v2\/types\/post"}],"author":[{"embeddable":true,"href":"https:\/\/radiokissnoticias.com.ar\/web\/wp-json\/wp\/v2\/users\/2"}],"replies":[{"embeddable":true,"href":"https:\/\/radiokissnoticias.com.ar\/web\/wp-json\/wp\/v2\/comments?post=11467"}],"version-history":[{"count":1,"href":"https:\/\/radiokissnoticias.com.ar\/web\/wp-json\/wp\/v2\/posts\/11467\/revisions"}],"predecessor-version":[{"id":11469,"href":"https:\/\/radiokissnoticias.com.ar\/web\/wp-json\/wp\/v2\/posts\/11467\/revisions\/11469"}],"wp:featuredmedia":[{"embeddable":true,"href":"https:\/\/radiokissnoticias.com.ar\/web\/wp-json\/wp\/v2\/media\/11470"}],"wp:attachment":[{"href":"https:\/\/radiokissnoticias.com.ar\/web\/wp-json\/wp\/v2\/media?parent=11467"}],"wp:term":[{"taxonomy":"category","embeddable":true,"href":"https:\/\/radiokissnoticias.com.ar\/web\/wp-json\/wp\/v2\/categories?post=11467"},{"taxonomy":"post_tag","embeddable":true,"href":"https:\/\/radiokissnoticias.com.ar\/web\/wp-json\/wp\/v2\/tags?post=11467"}],"curies":[{"name":"wp","href":"https:\/\/api.w.org\/{rel}","templated":true}]}}