{"id":11455,"date":"2026-08-05T14:28:15","date_gmt":"2026-08-05T17:28:15","guid":{"rendered":"https:\/\/radiokissnoticias.com.ar\/web\/?p=11455"},"modified":"2026-08-05T14:28:15","modified_gmt":"2026-08-05T17:28:15","slug":"concluyo-acreditacion-de-fondos-por-sobreprecio-a-productores-de-tabaco","status":"publish","type":"post","link":"https:\/\/radiokissnoticias.com.ar\/web\/2026\/08\/05\/concluyo-acreditacion-de-fondos-por-sobreprecio-a-productores-de-tabaco\/","title":{"rendered":"Concluy\u00f3 acreditaci\u00f3n de fondos por sobreprecio a productores de tabaco"},"content":{"rendered":"<p>As\u00ed lo confirm\u00f3 el Interventor del Instituto Provincial del Tabaco IPT Ingeniero Alejandro Correa, luego que este mi\u00e9rcoles 05 de agosto qued\u00f3 concluido el tramite bancario respectivo, tal como se anunciara el d\u00eda lunes una vez recibido los fondos FET (Fondo Especial del Tabaco).<\/p>\n<p>De esta forma los productores tabacaleros que comercializaron tabaco criollo correntino, desde el 28 de mayo al 10 junio pasado, ya tienen acreditado los fondos en sus respetivas cajas de ahorro.<\/p>\n<p>&nbsp;<\/p>\n","protected":false},"excerpt":{"rendered":"<p>As\u00ed lo confirm\u00f3 el Interventor del Instituto Provincial del Tabaco IPT Ingeniero Alejandro Correa, luego que este mi\u00e9rcoles 05 de agosto qued\u00f3 concluido el tramite bancario respectivo, tal como se anunciara el d\u00eda lunes una vez recibido los fondos FET (Fondo Especial del Tabaco). De esta forma los productores tabacaleros que comercializaron tabaco criollo correntino, [&hellip;]<\/p>\n","protected":false},"author":2,"featured_media":11456,"comment_status":"open","ping_status":"open","sticky":false,"template":"","format":"standard","meta":{"footnotes":""},"categories":[77],"tags":[],"class_list":["post-11455","post","type-post","status-publish","format-standard","has-post-thumbnail","category-local"],"_links":{"self":[{"href":"https:\/\/radiokissnoticias.com.ar\/web\/wp-json\/wp\/v2\/posts\/11455","targetHints":{"allow":["GET"]}}],"collection":[{"href":"https:\/\/radiokissnoticias.com.ar\/web\/wp-json\/wp\/v2\/posts"}],"about":[{"href":"https:\/\/radiokissnoticias.com.ar\/web\/wp-json\/wp\/v2\/types\/post"}],"author":[{"embeddable":true,"href":"https:\/\/radiokissnoticias.com.ar\/web\/wp-json\/wp\/v2\/users\/2"}],"replies":[{"embeddable":true,"href":"https:\/\/radiokissnoticias.com.ar\/web\/wp-json\/wp\/v2\/comments?post=11455"}],"version-history":[{"count":1,"href":"https:\/\/radiokissnoticias.com.ar\/web\/wp-json\/wp\/v2\/posts\/11455\/revisions"}],"predecessor-version":[{"id":11457,"href":"https:\/\/radiokissnoticias.com.ar\/web\/wp-json\/wp\/v2\/posts\/11455\/revisions\/11457"}],"wp:featuredmedia":[{"embeddable":true,"href":"https:\/\/radiokissnoticias.com.ar\/web\/wp-json\/wp\/v2\/media\/11456"}],"wp:attachment":[{"href":"https:\/\/radiokissnoticias.com.ar\/web\/wp-json\/wp\/v2\/media?parent=11455"}],"wp:term":[{"taxonomy":"category","embeddable":true,"href":"https:\/\/radiokissnoticias.com.ar\/web\/wp-json\/wp\/v2\/categories?post=11455"},{"taxonomy":"post_tag","embeddable":true,"href":"https:\/\/radiokissnoticias.com.ar\/web\/wp-json\/wp\/v2\/tags?post=11455"}],"curies":[{"name":"wp","href":"https:\/\/api.w.org\/{rel}","templated":true}]}}