{"id":11445,"date":"2026-08-05T12:30:07","date_gmt":"2026-08-05T15:30:07","guid":{"rendered":"https:\/\/radiokissnoticias.com.ar\/web\/?p=11445"},"modified":"2026-08-05T12:30:07","modified_gmt":"2026-08-05T15:30:07","slug":"el-equipo-de-convivencia-con-dios-se-capacito-en-la-casa-nanderoga","status":"publish","type":"post","link":"https:\/\/radiokissnoticias.com.ar\/web\/2026\/08\/05\/el-equipo-de-convivencia-con-dios-se-capacito-en-la-casa-nanderoga\/","title":{"rendered":"El equipo de &#8220;Convivencia con Dios&#8221; se capacit\u00f3 en la casa \u00d1anderoga"},"content":{"rendered":"<p>El retiro &#8211; taller cont\u00f3 con la presencia del obispo diocesano, monse\u00f1or Adolfo Ram\u00f3n Canec\u00edn, y del asesor presb\u00edtero Pedro Pablo Ojeda. Servidores de Corrientes, Capital tuvieron a su cargo la formaci\u00f3n de la naciente fraternidad goyana.<\/p>\n<p>Con la mirada puesta en el fortalecimiento de la vida interior y la preparaci\u00f3n de las actividades estivales, el equipo que organiza habitualmente las jornadas de espiritualidad de la Comunidad &#8220;Convivencia con Dios&#8221; en la di\u00f3cesis de Goya particip\u00f3 de un retiro-taller de formaci\u00f3n en la casa de retiros &#8220;\u00d1anderog\u00e1&#8221;.<\/p>\n<p>El encuentro cont\u00f3 con el acompa\u00f1amiento del obispo diocesano, monse\u00f1or Adolfo Ram\u00f3n Canec\u00edn y del asesor espiritual el presb\u00edtero Pedro Pablo Ojeda.<\/p>\n<p>La capacitaci\u00f3n estuvo a cargo de un equipo de servidores experimentados que viajaron especialmente desde la ciudad de Corrientes Capital.<\/p>\n<p>El objetivo central fue brindar herramientas para el servicio en los pr\u00f3ximos retiros de seis d\u00edas que se ofrecen en la di\u00f3cesis.<\/p>\n<p>&#8220;La fraternidad en la di\u00f3cesis de Goya se form\u00f3 hace poco tiempo, por lo que nos encontramos en una etapa de intensa formaci\u00f3n. El Se\u00f1or es muy providente al regalarnos estos espacios de crecimiento para poder servir mejor a nuestros hermanos&#8221;, destac\u00f3 Mar\u00eda de los \u00c1ngeles Lago, desde la organizaci\u00f3n.<\/p>\n<p>Durante la jornada se afianzaron los pilares del carisma fundado por el sacerdote jesuita P. Alberto Ib\u00e1\u00f1ez Padilla S.J.<\/p>\n<p>Los integrantes del equipo anunciaron que las pr\u00f3ximas convivencias de seis d\u00edas se llevar\u00e1n a cabo durante la temporada de verano en las instalaciones de la Casa de Retiros San Liborio. +<\/p>\n<p>PRENSA OBISPADO DE GOYA<\/p>\n","protected":false},"excerpt":{"rendered":"<p>El retiro &#8211; taller cont\u00f3 con la presencia del obispo diocesano, monse\u00f1or Adolfo Ram\u00f3n Canec\u00edn, y del asesor presb\u00edtero Pedro Pablo Ojeda. Servidores de Corrientes, Capital tuvieron a su cargo la formaci\u00f3n de la naciente fraternidad goyana. Con la mirada puesta en el fortalecimiento de la vida interior y la preparaci\u00f3n de las actividades estivales, [&hellip;]<\/p>\n","protected":false},"author":2,"featured_media":11446,"comment_status":"open","ping_status":"open","sticky":false,"template":"","format":"standard","meta":{"footnotes":""},"categories":[77],"tags":[],"class_list":["post-11445","post","type-post","status-publish","format-standard","has-post-thumbnail","category-local"],"_links":{"self":[{"href":"https:\/\/radiokissnoticias.com.ar\/web\/wp-json\/wp\/v2\/posts\/11445","targetHints":{"allow":["GET"]}}],"collection":[{"href":"https:\/\/radiokissnoticias.com.ar\/web\/wp-json\/wp\/v2\/posts"}],"about":[{"href":"https:\/\/radiokissnoticias.com.ar\/web\/wp-json\/wp\/v2\/types\/post"}],"author":[{"embeddable":true,"href":"https:\/\/radiokissnoticias.com.ar\/web\/wp-json\/wp\/v2\/users\/2"}],"replies":[{"embeddable":true,"href":"https:\/\/radiokissnoticias.com.ar\/web\/wp-json\/wp\/v2\/comments?post=11445"}],"version-history":[{"count":1,"href":"https:\/\/radiokissnoticias.com.ar\/web\/wp-json\/wp\/v2\/posts\/11445\/revisions"}],"predecessor-version":[{"id":11447,"href":"https:\/\/radiokissnoticias.com.ar\/web\/wp-json\/wp\/v2\/posts\/11445\/revisions\/11447"}],"wp:featuredmedia":[{"embeddable":true,"href":"https:\/\/radiokissnoticias.com.ar\/web\/wp-json\/wp\/v2\/media\/11446"}],"wp:attachment":[{"href":"https:\/\/radiokissnoticias.com.ar\/web\/wp-json\/wp\/v2\/media?parent=11445"}],"wp:term":[{"taxonomy":"category","embeddable":true,"href":"https:\/\/radiokissnoticias.com.ar\/web\/wp-json\/wp\/v2\/categories?post=11445"},{"taxonomy":"post_tag","embeddable":true,"href":"https:\/\/radiokissnoticias.com.ar\/web\/wp-json\/wp\/v2\/tags?post=11445"}],"curies":[{"name":"wp","href":"https:\/\/api.w.org\/{rel}","templated":true}]}}