{"id":11372,"date":"2026-08-04T19:48:39","date_gmt":"2026-08-04T22:48:39","guid":{"rendered":"https:\/\/radiokissnoticias.com.ar\/web\/?p=11372"},"modified":"2026-08-04T19:48:39","modified_gmt":"2026-08-04T22:48:39","slug":"ante-el-fenomeno-de-el-nino-goya-trabaja-en-medidas-de-prevencion","status":"publish","type":"post","link":"https:\/\/radiokissnoticias.com.ar\/web\/2026\/08\/04\/ante-el-fenomeno-de-el-nino-goya-trabaja-en-medidas-de-prevencion\/","title":{"rendered":"Ante el fen\u00f3meno de &#8220;El ni\u00f1o&#8221;, Goya trabaja en medidas de prevenci\u00f3n"},"content":{"rendered":"<p>Mariano Hormaechea detall\u00f3 los trabajos que viene realizando en la ciudad de Goya ante el arribo del fen\u00f3meno de \u201cEl Ni\u00f1o\u201d. \u201cConformamos nuestro comit\u00e9 de emergencias y estamos desarrollando algunas acciones\u201d, dijo el Jefe comunal.<\/p>\n<p>En el marco de la visita al gobernador Juan Pablo Vald\u00e9s, el intendente de Goya Mariano Hormaechea, se refiri\u00f3 a los trabajos que desde su gesti\u00f3n vienen realizando por el fen\u00f3meno del ni\u00f1o.<\/p>\n<p>\u201cEn Goya es de p\u00fablico conocimiento los inconvenientes del agua porque vienen de las lluvias y tambi\u00e9n de la creciente del r\u00edo. Hay un pron\u00f3stico grande de fuertes precipitaciones, venimos haciendo limpieza de los canales primarios, secundarios y terciarios, detall\u00f3 el Intendente.<\/p>\n<p>A su vez cont\u00f3 \u201cestamos limpiando las alcantarillas en la zonas rurales y el trabajo de asistencia social en las zonas m\u00e1s vulnerables para una tarea m\u00e1s preventiva\u201d<\/p>\n<p>\u201cConformamos nuestro comit\u00e9 de emergencias y estamos desarrollando algunas acciones\u201d, dijo Mariano Hormaechea.<\/p>\n","protected":false},"excerpt":{"rendered":"<p>Mariano Hormaechea detall\u00f3 los trabajos que viene realizando en la ciudad de Goya ante el arribo del fen\u00f3meno de \u201cEl Ni\u00f1o\u201d. \u201cConformamos nuestro comit\u00e9 de emergencias y estamos desarrollando algunas acciones\u201d, dijo el Jefe comunal. En el marco de la visita al gobernador Juan Pablo Vald\u00e9s, el intendente de Goya Mariano Hormaechea, se refiri\u00f3 a [&hellip;]<\/p>\n","protected":false},"author":2,"featured_media":11373,"comment_status":"open","ping_status":"open","sticky":false,"template":"","format":"standard","meta":{"footnotes":""},"categories":[77],"tags":[],"class_list":["post-11372","post","type-post","status-publish","format-standard","has-post-thumbnail","category-local"],"_links":{"self":[{"href":"https:\/\/radiokissnoticias.com.ar\/web\/wp-json\/wp\/v2\/posts\/11372","targetHints":{"allow":["GET"]}}],"collection":[{"href":"https:\/\/radiokissnoticias.com.ar\/web\/wp-json\/wp\/v2\/posts"}],"about":[{"href":"https:\/\/radiokissnoticias.com.ar\/web\/wp-json\/wp\/v2\/types\/post"}],"author":[{"embeddable":true,"href":"https:\/\/radiokissnoticias.com.ar\/web\/wp-json\/wp\/v2\/users\/2"}],"replies":[{"embeddable":true,"href":"https:\/\/radiokissnoticias.com.ar\/web\/wp-json\/wp\/v2\/comments?post=11372"}],"version-history":[{"count":1,"href":"https:\/\/radiokissnoticias.com.ar\/web\/wp-json\/wp\/v2\/posts\/11372\/revisions"}],"predecessor-version":[{"id":11374,"href":"https:\/\/radiokissnoticias.com.ar\/web\/wp-json\/wp\/v2\/posts\/11372\/revisions\/11374"}],"wp:featuredmedia":[{"embeddable":true,"href":"https:\/\/radiokissnoticias.com.ar\/web\/wp-json\/wp\/v2\/media\/11373"}],"wp:attachment":[{"href":"https:\/\/radiokissnoticias.com.ar\/web\/wp-json\/wp\/v2\/media?parent=11372"}],"wp:term":[{"taxonomy":"category","embeddable":true,"href":"https:\/\/radiokissnoticias.com.ar\/web\/wp-json\/wp\/v2\/categories?post=11372"},{"taxonomy":"post_tag","embeddable":true,"href":"https:\/\/radiokissnoticias.com.ar\/web\/wp-json\/wp\/v2\/tags?post=11372"}],"curies":[{"name":"wp","href":"https:\/\/api.w.org\/{rel}","templated":true}]}}