{"id":11357,"date":"2026-08-04T19:32:57","date_gmt":"2026-08-04T22:32:57","guid":{"rendered":"https:\/\/radiokissnoticias.com.ar\/web\/?p=11357"},"modified":"2026-08-04T19:32:57","modified_gmt":"2026-08-04T22:32:57","slug":"la-justicia-extendio-por-seis-meses-la-suspension-del-decreto-de-milei-que-transforma-el-banco-nacion-en-sociedad-anonima","status":"publish","type":"post","link":"https:\/\/radiokissnoticias.com.ar\/web\/2026\/08\/04\/la-justicia-extendio-por-seis-meses-la-suspension-del-decreto-de-milei-que-transforma-el-banco-nacion-en-sociedad-anonima\/","title":{"rendered":"La Justicia extendi\u00f3 por seis meses la suspensi\u00f3n del decreto de Milei que transforma el Banco Naci\u00f3n en sociedad an\u00f3nima"},"content":{"rendered":"<p>La C\u00e1mara Federal de La Plata rechaz\u00f3 los recursos de apelaci\u00f3n presentados por el Gobierno y mantuvo vigente la medida cautelar dictada en marzo de 2025.<\/p>\n<p>La Justicia federal de La Plata rechaz\u00f3 los recursos de apelaci\u00f3n presentados por el Gobierno y el Banco Naci\u00f3n (BNA) acerca de la medida cautelar que suspendi\u00f3 un decreto que dispone la transformaci\u00f3n de la entidad bancaria en sociedad an\u00f3nima y extendi\u00f3 por otros seis meses la decisi\u00f3n judicial.<\/p>\n<p>En concreto, la Sala III confirm\u00f3 la resoluci\u00f3n dictada el 10 de marzo por el juez Alejo Ramos Padilla, que hab\u00eda extendido por seis meses la cautelar vigente desde marzo de 2025 que fren\u00f3 la aplicaci\u00f3n del DNU 116\/25.<\/p>\n<p>La medida cautelar que frena el decreto del Gobierno fue dictada originalmente el 13 de marzo de 2025 por Ramos Padilla, quien suspendi\u00f3 los efectos de la norma durante seis meses. Luego, la C\u00e1mara Federal de Apelaciones de La Plata confirm\u00f3 la decisi\u00f3n el 5 de junio de 2025, rechazando los planteos del Estado nacional y del Banco Naci\u00f3n para revertir el fallo de primera instancia.<\/p>\n<p>En septiembre del mismo a\u00f1o, el juzgado prorrog\u00f3 la cautelar por otros seis meses, extensi\u00f3n que tambi\u00e9n fue revisada y confirmada por la C\u00e1mara Federal en octubre.<\/p>\n<p>Frente a ello, los demandantes solicitaron una nueva extensi\u00f3n, argumentando que el litigio principal permanece sin resoluci\u00f3n definitiva y que el decreto sigue formalmente vigente.<\/p>\n<p>Los argumentos del Gobierno que rechaz\u00f3 la Justicia federal<br \/>\nEn su apelaci\u00f3n, el Estado y el Banco Naci\u00f3n cuestionaron la decisi\u00f3n del juez Ramos Padilla de conceder una segunda pr\u00f3rroga de la medida cautelar el 10 de marzo de 2026.<\/p>\n<p>La defensa de las autoridades sostuvo que la resoluci\u00f3n carec\u00eda de fundamentos suficientes, advirti\u00f3 sobre la demora del expediente y afirm\u00f3 que no estaban acreditados ni la verosimilitud del derecho ni el peligro en la demora.<\/p>\n<p>Adem\u00e1s, argument\u00f3 que la suspensi\u00f3n del decreto \u201cafecta el inter\u00e9s p\u00fablico\u201d, ya que impide avanzar con una pol\u00edtica que, seg\u00fan el Gobierno, busca modernizar el funcionamiento de la entidad bancaria.<\/p>\n<p>Sin embargo, los jueces Carlos Vallef\u00edn, Emilio Faggi y Roberto Lemos Arias rechazaron dichos planteos. En primer lugar, descartaron la interpretaci\u00f3n de la ley 26.854 solo permite una \u00fanica pr\u00f3rroga de una medida cautelar.<\/p>\n<p>Para fundamentar su decisi\u00f3n, citaron jurisprudencia de la C\u00e1mara Contenciosa Administrativa Federal que sostiene que la norma no proh\u00edbe expresamente extender una cautelar en m\u00e1s de una oportunidad cuando persisten las razones que justificaron su dictado. Con este pronunciamiento, la Sala III desestim\u00f3 los recursos y confirm\u00f3 la pr\u00f3rroga de la cautelar por seis meses.<\/p>\n<p>As\u00ed, la decisi\u00f3n judicial mantiene bloqueada la implementaci\u00f3n de la reforma y obliga al Ejecutivo a abstenerse de adoptar cualquier medida administrativa o reglamentaria que convierta el banco estatal en una sociedad an\u00f3nima.<\/p>\n","protected":false},"excerpt":{"rendered":"<p>La C\u00e1mara Federal de La Plata rechaz\u00f3 los recursos de apelaci\u00f3n presentados por el Gobierno y mantuvo vigente la medida cautelar dictada en marzo de 2025. La Justicia federal de La Plata rechaz\u00f3 los recursos de apelaci\u00f3n presentados por el Gobierno y el Banco Naci\u00f3n (BNA) acerca de la medida cautelar que suspendi\u00f3 un decreto [&hellip;]<\/p>\n","protected":false},"author":2,"featured_media":11358,"comment_status":"open","ping_status":"open","sticky":false,"template":"","format":"standard","meta":{"footnotes":""},"categories":[78],"tags":[],"class_list":["post-11357","post","type-post","status-publish","format-standard","has-post-thumbnail","category-nacional"],"_links":{"self":[{"href":"https:\/\/radiokissnoticias.com.ar\/web\/wp-json\/wp\/v2\/posts\/11357","targetHints":{"allow":["GET"]}}],"collection":[{"href":"https:\/\/radiokissnoticias.com.ar\/web\/wp-json\/wp\/v2\/posts"}],"about":[{"href":"https:\/\/radiokissnoticias.com.ar\/web\/wp-json\/wp\/v2\/types\/post"}],"author":[{"embeddable":true,"href":"https:\/\/radiokissnoticias.com.ar\/web\/wp-json\/wp\/v2\/users\/2"}],"replies":[{"embeddable":true,"href":"https:\/\/radiokissnoticias.com.ar\/web\/wp-json\/wp\/v2\/comments?post=11357"}],"version-history":[{"count":1,"href":"https:\/\/radiokissnoticias.com.ar\/web\/wp-json\/wp\/v2\/posts\/11357\/revisions"}],"predecessor-version":[{"id":11359,"href":"https:\/\/radiokissnoticias.com.ar\/web\/wp-json\/wp\/v2\/posts\/11357\/revisions\/11359"}],"wp:featuredmedia":[{"embeddable":true,"href":"https:\/\/radiokissnoticias.com.ar\/web\/wp-json\/wp\/v2\/media\/11358"}],"wp:attachment":[{"href":"https:\/\/radiokissnoticias.com.ar\/web\/wp-json\/wp\/v2\/media?parent=11357"}],"wp:term":[{"taxonomy":"category","embeddable":true,"href":"https:\/\/radiokissnoticias.com.ar\/web\/wp-json\/wp\/v2\/categories?post=11357"},{"taxonomy":"post_tag","embeddable":true,"href":"https:\/\/radiokissnoticias.com.ar\/web\/wp-json\/wp\/v2\/tags?post=11357"}],"curies":[{"name":"wp","href":"https:\/\/api.w.org\/{rel}","templated":true}]}}