{"id":11339,"date":"2026-08-04T14:08:20","date_gmt":"2026-08-04T17:08:20","guid":{"rendered":"https:\/\/radiokissnoticias.com.ar\/web\/?p=11339"},"modified":"2026-08-04T14:08:20","modified_gmt":"2026-08-04T17:08:20","slug":"propiedad-privada-santilli-confirmo-la-intencion-de-bullrich-de-ponerle-un-tope-al-limite-de-compras-de-tierras","status":"publish","type":"post","link":"https:\/\/radiokissnoticias.com.ar\/web\/2026\/08\/04\/propiedad-privada-santilli-confirmo-la-intencion-de-bullrich-de-ponerle-un-tope-al-limite-de-compras-de-tierras\/","title":{"rendered":"Propiedad privada: Santilli confirm\u00f3 la intenci\u00f3n de Bullrich de ponerle un tope al l\u00edmite de compras de tierras"},"content":{"rendered":"<p>El jefe de Gabinete tambi\u00e9n dijo que est\u00e1n los votos. As\u00ed lo expres\u00f3 Santilli en di\u00e1logo con radio Rivadavia: &#8220;Est\u00e1 poniendo un l\u00edmite parecido en la regi\u00f3n, sin ir m\u00e1s lejos me voy a Brasil. Pero esperemos a la conferencia que dar\u00e1 Patricia (Bullrich) que va a anunciar los cambios. Estoy convencido que avanzar\u00e1&#8221;.<\/p>\n<p>El jefe de Gabinete, Diego Santilli, confirm\u00f3 que el Gobierno busca ponerle un tope a la compra de tierra por parte de los extranjeros, dentro de la Ley de Propiedad Privada que se tratar\u00e1 el jueves en el Senado.<\/p>\n<p>As\u00ed lo expres\u00f3 Santilli en di\u00e1logo con radio Rivadavia: &#8220;Est\u00e1 poniendo un l\u00edmite parecido en la regi\u00f3n, sin ir m\u00e1s lejos me voy a Brasil. Pero esperemos a la conferencia que dar\u00e1 Patricia (Bullrich) que va a anunciar los cambios. Estoy convencido que avanzar\u00e1&#8221;.<\/p>\n<p>Sobre el tope, dijo que sirve para ampliar el espectro de inversiones. &#8220;Primero sostener la inviolabilidad de la propiedad privada y, segundo, mejorar la participaci\u00f3n hace que atraiga mayor inversi\u00f3n&#8221;, agreg\u00f3 Santilli.<\/p>\n<p>&#8220;Estabilidad macro trae inversi\u00f3n. \u00bfQue falta? Por supuesto. La Argentina es un gigante que estaba dormido y pisado; hoy est\u00e1 saliendo muy fuerte hacia arriba&#8221;, reflexion\u00f3 el ministro coordinador del gobierno del presidente Javier Milei.<\/p>\n","protected":false},"excerpt":{"rendered":"<p>El jefe de Gabinete tambi\u00e9n dijo que est\u00e1n los votos. As\u00ed lo expres\u00f3 Santilli en di\u00e1logo con radio Rivadavia: &#8220;Est\u00e1 poniendo un l\u00edmite parecido en la regi\u00f3n, sin ir m\u00e1s lejos me voy a Brasil. Pero esperemos a la conferencia que dar\u00e1 Patricia (Bullrich) que va a anunciar los cambios. Estoy convencido que avanzar\u00e1&#8221;. El [&hellip;]<\/p>\n","protected":false},"author":2,"featured_media":11340,"comment_status":"open","ping_status":"open","sticky":false,"template":"","format":"standard","meta":{"footnotes":""},"categories":[78],"tags":[],"class_list":["post-11339","post","type-post","status-publish","format-standard","has-post-thumbnail","category-nacional"],"_links":{"self":[{"href":"https:\/\/radiokissnoticias.com.ar\/web\/wp-json\/wp\/v2\/posts\/11339","targetHints":{"allow":["GET"]}}],"collection":[{"href":"https:\/\/radiokissnoticias.com.ar\/web\/wp-json\/wp\/v2\/posts"}],"about":[{"href":"https:\/\/radiokissnoticias.com.ar\/web\/wp-json\/wp\/v2\/types\/post"}],"author":[{"embeddable":true,"href":"https:\/\/radiokissnoticias.com.ar\/web\/wp-json\/wp\/v2\/users\/2"}],"replies":[{"embeddable":true,"href":"https:\/\/radiokissnoticias.com.ar\/web\/wp-json\/wp\/v2\/comments?post=11339"}],"version-history":[{"count":1,"href":"https:\/\/radiokissnoticias.com.ar\/web\/wp-json\/wp\/v2\/posts\/11339\/revisions"}],"predecessor-version":[{"id":11341,"href":"https:\/\/radiokissnoticias.com.ar\/web\/wp-json\/wp\/v2\/posts\/11339\/revisions\/11341"}],"wp:featuredmedia":[{"embeddable":true,"href":"https:\/\/radiokissnoticias.com.ar\/web\/wp-json\/wp\/v2\/media\/11340"}],"wp:attachment":[{"href":"https:\/\/radiokissnoticias.com.ar\/web\/wp-json\/wp\/v2\/media?parent=11339"}],"wp:term":[{"taxonomy":"category","embeddable":true,"href":"https:\/\/radiokissnoticias.com.ar\/web\/wp-json\/wp\/v2\/categories?post=11339"},{"taxonomy":"post_tag","embeddable":true,"href":"https:\/\/radiokissnoticias.com.ar\/web\/wp-json\/wp\/v2\/tags?post=11339"}],"curies":[{"name":"wp","href":"https:\/\/api.w.org\/{rel}","templated":true}]}}