{"id":11330,"date":"2026-08-04T13:59:35","date_gmt":"2026-08-04T16:59:35","guid":{"rendered":"https:\/\/radiokissnoticias.com.ar\/web\/?p=11330"},"modified":"2026-08-04T13:59:35","modified_gmt":"2026-08-04T16:59:35","slug":"los-no-docentes-de-la-unne-rechazan-la-ley-de-tierras-y-marchan","status":"publish","type":"post","link":"https:\/\/radiokissnoticias.com.ar\/web\/2026\/08\/04\/los-no-docentes-de-la-unne-rechazan-la-ley-de-tierras-y-marchan\/","title":{"rendered":"Los no docentes de la UNNE rechazan la Ley de Tierras y marchan"},"content":{"rendered":"<p>\u201cLos trabajadores nodocentes de la UNNE lo tenemos muy claro: La patria no se vende, la soberan\u00eda no se entrega. Por eso rechazamos la ley de Tierras que impulsa el Gobierno Nacional libertario\u201d, dijo Liza Hortt, secretaria general de la ATUN (Asociaci\u00f3n de Trabajadores de la Universidad del Nordeste).<\/p>\n<div>El sindicato nodocente marchar\u00e1 este jueves 6, en las ciudades de Corrientes y Resistencia, junto a la CGT y otras centrales obreras, sindicatos, movimientos sociales, organizaciones civiles y partidos pol\u00edticos. \u201cNosotros hicimos una carta p\u00fablica a los legisladores nacionales de Chaco y Corrientes, record\u00e1ndoles que su deber es defender la patria y no rematarla, y exigimos que voten en contra\u201d dijo Hortt.<\/div>\n<div><\/div>\n<div>\u201cConvocamos a toda la comunidad universitaria: estudiantes, docentes, funcionarios administrativos y no docentes, ex alumnos; a marchar el pr\u00f3ximo jueves. Por que los gobiernos provinciales de Corrientes y del Chaco deben saber que el pueblo est\u00e1 en contra de esta ley\u201d asegur\u00f3 Hortt.<\/div>\n<div><\/div>\n<div>Las consignas de la marcha son:<\/div>\n<div>&#8211; Rechazo a la suba del tope de extranjerizaci\u00f3n de tierras rurales, que el borrador oficial busca llevar del 15% actual al 25% por provincia.<\/div>\n<div><\/div>\n<div>&#8211; Advertencias sobre la p\u00e9rdida de soberan\u00eda en recursos estrat\u00e9gicos como agua, zonas de frontera y cordillera.<\/div>\n<div><\/div>\n<div>&#8211; Cuestionamientos a la modificaci\u00f3n de la Ley de Manejo del Fuego y a las normativas que agilizan desalojos<\/div>\n","protected":false},"excerpt":{"rendered":"<p>\u201cLos trabajadores nodocentes de la UNNE lo tenemos muy claro: La patria no se vende, la soberan\u00eda no se entrega. Por eso rechazamos la ley de Tierras que impulsa el Gobierno Nacional libertario\u201d, dijo Liza Hortt, secretaria general de la ATUN (Asociaci\u00f3n de Trabajadores de la Universidad del Nordeste). El sindicato nodocente marchar\u00e1 este jueves [&hellip;]<\/p>\n","protected":false},"author":2,"featured_media":11331,"comment_status":"open","ping_status":"open","sticky":false,"template":"","format":"standard","meta":{"footnotes":""},"categories":[79],"tags":[],"class_list":["post-11330","post","type-post","status-publish","format-standard","has-post-thumbnail","category-provincia"],"_links":{"self":[{"href":"https:\/\/radiokissnoticias.com.ar\/web\/wp-json\/wp\/v2\/posts\/11330","targetHints":{"allow":["GET"]}}],"collection":[{"href":"https:\/\/radiokissnoticias.com.ar\/web\/wp-json\/wp\/v2\/posts"}],"about":[{"href":"https:\/\/radiokissnoticias.com.ar\/web\/wp-json\/wp\/v2\/types\/post"}],"author":[{"embeddable":true,"href":"https:\/\/radiokissnoticias.com.ar\/web\/wp-json\/wp\/v2\/users\/2"}],"replies":[{"embeddable":true,"href":"https:\/\/radiokissnoticias.com.ar\/web\/wp-json\/wp\/v2\/comments?post=11330"}],"version-history":[{"count":1,"href":"https:\/\/radiokissnoticias.com.ar\/web\/wp-json\/wp\/v2\/posts\/11330\/revisions"}],"predecessor-version":[{"id":11332,"href":"https:\/\/radiokissnoticias.com.ar\/web\/wp-json\/wp\/v2\/posts\/11330\/revisions\/11332"}],"wp:featuredmedia":[{"embeddable":true,"href":"https:\/\/radiokissnoticias.com.ar\/web\/wp-json\/wp\/v2\/media\/11331"}],"wp:attachment":[{"href":"https:\/\/radiokissnoticias.com.ar\/web\/wp-json\/wp\/v2\/media?parent=11330"}],"wp:term":[{"taxonomy":"category","embeddable":true,"href":"https:\/\/radiokissnoticias.com.ar\/web\/wp-json\/wp\/v2\/categories?post=11330"},{"taxonomy":"post_tag","embeddable":true,"href":"https:\/\/radiokissnoticias.com.ar\/web\/wp-json\/wp\/v2\/tags?post=11330"}],"curies":[{"name":"wp","href":"https:\/\/api.w.org\/{rel}","templated":true}]}}