{"id":11327,"date":"2026-08-04T13:32:45","date_gmt":"2026-08-04T16:32:45","guid":{"rendered":"https:\/\/radiokissnoticias.com.ar\/web\/?p=11327"},"modified":"2026-08-04T13:32:45","modified_gmt":"2026-08-04T16:32:45","slug":"facundo-moyano-quedo-detenido-por-lesiones-y-privacion-ilegitima","status":"publish","type":"post","link":"https:\/\/radiokissnoticias.com.ar\/web\/2026\/08\/04\/facundo-moyano-quedo-detenido-por-lesiones-y-privacion-ilegitima\/","title":{"rendered":"Facundo Moyano qued\u00f3 detenido por lesiones y privaci\u00f3n ileg\u00edtima"},"content":{"rendered":"<p>En principio quedar\u00eda alojado en la comisar\u00eda 13 A a la espera de las diligencias que disponga el fiscal Juli\u00e1n Pistone. Se supo adem\u00e1s que el abogado Miguel Molina ser\u00e1 el defensor del hijo del sindicalista, Hugo Moyano. &#8220;Est\u00e1 yendo a la comisar\u00eda con su socio, Alfredo Gasc\u00f3n&#8221;, informaron .<\/p>\n<p>El fiscal Juli\u00e1n Pistone de la UFLA NORTE dispuso la detenci\u00f3n de Facundo Moyano por los delitos de lesiones y privaci\u00f3n ileg\u00edtima de la libertad, en contexto de violencia de g\u00e9nero, contra la influencer Candela Arizaga, de 23 a\u00f1os.<\/p>\n<p>En principio quedar\u00eda alojado en la comisar\u00eda 13A, aunque podr\u00eda ser trasladado en las pr\u00f3ximas horas, confirmaron .<\/p>\n<p>Se supo adem\u00e1s que el abogado Miguel Molina ser\u00e1 el defensor del hijo del sindicalista, Hugo Moyano. &#8220;Est\u00e1 yendo a la comisar\u00eda con su socio, Alfredo Gasc\u00f3n&#8221;, informaron.<\/p>\n<p>Molina es conocido del actual detenido debido a que, por ejemplo, tramit\u00f3 el divorcio con Eva Bargiela en 2025.<\/p>\n<p>Se dispusieron an\u00e1lisis de las c\u00e1maras de seguridad, toma de testimonios y entrevista a la v\u00edctima como medidas de prueba de rigor para esclarecer lo sucedido.<\/p>\n<p>Arizaga acus\u00f3 en primera instancia a Moyano de haberla agredido, por lo que fue trasladada por el SAME al Hospital Pirovano, donde prest\u00f3 declaraci\u00f3n ante la Divisi\u00f3n Protecci\u00f3n Familiar de la Polic\u00eda de la Ciudad.<\/p>\n<p>Interviene el Juzgado Penal, Contravencional y de Faltas N\u00ba4, subrogado por Julia Correa.<\/p>\n","protected":false},"excerpt":{"rendered":"<p>En principio quedar\u00eda alojado en la comisar\u00eda 13 A a la espera de las diligencias que disponga el fiscal Juli\u00e1n Pistone. Se supo adem\u00e1s que el abogado Miguel Molina ser\u00e1 el defensor del hijo del sindicalista, Hugo Moyano. &#8220;Est\u00e1 yendo a la comisar\u00eda con su socio, Alfredo Gasc\u00f3n&#8221;, informaron . El fiscal Juli\u00e1n Pistone de [&hellip;]<\/p>\n","protected":false},"author":2,"featured_media":11328,"comment_status":"open","ping_status":"open","sticky":false,"template":"","format":"standard","meta":{"footnotes":""},"categories":[78],"tags":[],"class_list":["post-11327","post","type-post","status-publish","format-standard","has-post-thumbnail","category-nacional"],"_links":{"self":[{"href":"https:\/\/radiokissnoticias.com.ar\/web\/wp-json\/wp\/v2\/posts\/11327","targetHints":{"allow":["GET"]}}],"collection":[{"href":"https:\/\/radiokissnoticias.com.ar\/web\/wp-json\/wp\/v2\/posts"}],"about":[{"href":"https:\/\/radiokissnoticias.com.ar\/web\/wp-json\/wp\/v2\/types\/post"}],"author":[{"embeddable":true,"href":"https:\/\/radiokissnoticias.com.ar\/web\/wp-json\/wp\/v2\/users\/2"}],"replies":[{"embeddable":true,"href":"https:\/\/radiokissnoticias.com.ar\/web\/wp-json\/wp\/v2\/comments?post=11327"}],"version-history":[{"count":1,"href":"https:\/\/radiokissnoticias.com.ar\/web\/wp-json\/wp\/v2\/posts\/11327\/revisions"}],"predecessor-version":[{"id":11329,"href":"https:\/\/radiokissnoticias.com.ar\/web\/wp-json\/wp\/v2\/posts\/11327\/revisions\/11329"}],"wp:featuredmedia":[{"embeddable":true,"href":"https:\/\/radiokissnoticias.com.ar\/web\/wp-json\/wp\/v2\/media\/11328"}],"wp:attachment":[{"href":"https:\/\/radiokissnoticias.com.ar\/web\/wp-json\/wp\/v2\/media?parent=11327"}],"wp:term":[{"taxonomy":"category","embeddable":true,"href":"https:\/\/radiokissnoticias.com.ar\/web\/wp-json\/wp\/v2\/categories?post=11327"},{"taxonomy":"post_tag","embeddable":true,"href":"https:\/\/radiokissnoticias.com.ar\/web\/wp-json\/wp\/v2\/tags?post=11327"}],"curies":[{"name":"wp","href":"https:\/\/api.w.org\/{rel}","templated":true}]}}