{"id":11324,"date":"2026-08-04T13:28:46","date_gmt":"2026-08-04T16:28:46","guid":{"rendered":"https:\/\/radiokissnoticias.com.ar\/web\/?p=11324"},"modified":"2026-08-04T14:53:10","modified_gmt":"2026-08-04T17:53:10","slug":"dia-del-panadero-por-que-se-celebra-hoy-en-la-argentina","status":"publish","type":"post","link":"https:\/\/radiokissnoticias.com.ar\/web\/2026\/08\/04\/dia-del-panadero-por-que-se-celebra-hoy-en-la-argentina\/","title":{"rendered":"D\u00eda del Panadero: por qu\u00e9 se celebra hoy en la Argentina"},"content":{"rendered":"<div class=\"copete\">\n<div>Como cada 4 de agosto, hoy se celebra en la Argentina el D\u00eda del Panadero. La jornada recuerda la fundaci\u00f3n de la Sociedad Cosmopolita de Resistencia y Colocaci\u00f3n de Obreros Panaderos, que fue el primer sindicato en el pa\u00eds en reunir a los trabajadores de este sector. El objetivo de la agrupaci\u00f3n era alcanzar mejores condiciones laborales, salarios dignos y reconocimiento de sus derechos.<\/div>\n<\/div>\n<div class=\"cuerpo\">\n<div><\/div>\n<div>La ideolog\u00eda impulsada por sus creadores es la que luego llevar\u00eda a los panaderos a nombrar a sus facturas de distintas maneras, siempre bajo un significado curioso que posee un sentido cr\u00edtico de la sociedad y de distintos sectores.<\/div>\n<div><\/div>\n<div><b>La historia del D\u00eda del Panadero<\/b><\/div>\n<\/div>\n<div><\/div>\n<div>\n<div>La Sociedad Cosmopolita de Resistencia y Colocaci\u00f3n de Obreros Panaderos se cre\u00f3 un 4 de agosto por dos italianos con ideolog\u00eda anarquista; sirvi\u00f3 como la primera agrupaci\u00f3n sindical del sector<\/div>\n<div><\/div>\n<div>Hacia finales del siglo XIX, el sector panadero contaba con jornadas laborales extensas, que superaban las 10 horas de trabajo diarias. Los salarios resultaban bajos y las condiciones muy extenuantes, lo que generaba un gran descontento entre los trabajadores. De esta manera, Ettore Mattei, un anarquista italiano, decidi\u00f3 organizar a los panaderos para crear el primer sindicato en el pa\u00eds. Junto a Errico Malatesta, otro italiano y te\u00f3rico del anarquismo moderno, cre\u00f3 el 4 de agosto de 1887 la Sociedad Cosmopolita de Resistencia y Colocaci\u00f3n de Obreros Panaderos.<\/div>\n<\/div>\n<div><\/div>\n<div>\n<div>A lo largo de los a\u00f1os, el d\u00fao y su grupo protagonizaron diferentes huelgas en b\u00fasqueda del reconocimiento de sus derechos y mejores condiciones de trabajo. Sus principios se basaban en la solidaridad y resistencia, a trav\u00e9s de la acci\u00f3n directa y paros laborales para reclamar sus necesidades. Desde 1894 hasta 1930, esta sociedad public\u00f3 El obrero panadero, un peri\u00f3dico que se encontraba bajo la direcci\u00f3n y edici\u00f3n de Mattei.<\/div>\n<div>Actualmente, la Sociedad Cosmopolita de Resistencia y Colocaci\u00f3n de Obreros Panaderos no se encuentra en actividad. Sin embargo, desde 1957, en un proyecto impulsado por el Congreso de la Naci\u00f3n, se la recuerda en el D\u00eda del Panadero.<\/div>\n<\/div>\n<div><img decoding=\"async\" src=\"https:\/\/s.yimg.com\/lo\/mysterio\/api\/43dd2bcf2ec5bfd73aa5647295d5b08460c69549d0e45438353c0289c0151e74\/lightyear_networkapi\/resizefill_w768_h432;quality_80;format_webp\/https:%2F%2Fmedia.zenfs.com%2Fes%2Flanacion.com.ar%2Fa2bee1dc830052a2af4c0adfaf65af4d\" alt=\"D\u00eda del Panadero se celebra cada 4 de agosto en todo el pa\u00eds\" \/><\/div>\n<div>\n<div>Hoy en d\u00eda existen muchos sindicatos de panaderos en diferentes localidades y puntos del pa\u00eds. Asimismo, la Federaci\u00f3n Argentina Uni\u00f3n Personal Panader\u00edas y Afines (Fauppa) y la Federaci\u00f3n Argentina de la Industria del Pan y Afines (Faipa), son los entes reconocidos por el Gobierno de la Naci\u00f3n para pactar mejoras salariales y laborales en este sector.<\/div>\n<div><\/div>\n<div><b>Un dato curioso: el significado de los nombres de las facturas<\/b><\/div>\n<div><b>\u00bfPor qu\u00e9 las facturas tienen nombres tan particulares?\u00a0<\/b><\/div>\n<\/div>\n<div><\/div>\n<div>\n<div>Estos no son casualidad, sino que son peque\u00f1os &#8220;ca\u00f1oncitos&#8221; cargados con significados, burlas y homenajes que tienen como objetivo de demostrar la ideolog\u00eda original del sindicato. Es por ello que los panaderos decidieron denominar a algunos de sus productos en referencia a elementos o aspectos asociados a la polic\u00eda, la iglesia y el ej\u00e9rcito.<\/div>\n<div><\/div>\n<div><b><i>Los m\u00e1s destacados son:<\/i><\/b><\/div>\n<div><i><b>\u00a0<\/b><\/i><\/div>\n<div><i><b>Sacramentos:<\/b><\/i>\u00a0en protesta al orden eclesi\u00e1stico.<\/div>\n<div><\/div>\n<div><i><b>Bolas de fraile o suspiro de monja:\u00a0<\/b><\/i>como burla a los religiosos.<\/div>\n<div><\/div>\n<div><i><b>Bombas:<\/b><\/i>\u00a0en iron\u00eda al Ej\u00e9rcito.<\/div>\n<div><\/div>\n<div><b><i>Ca\u00f1oncitos:<\/i><\/b>\u00a0en alusi\u00f3n a los ca\u00f1ones utilizados por las fuerzas armadas.<\/div>\n<div><\/div>\n<div><i><b>Vigilantes:\u00a0<\/b><\/i>su forma alargada fue relacionada con los bastones o porras que utiliza la fuerza policial.<\/div>\n<\/div>\n<div><img decoding=\"async\" src=\"https:\/\/s.yimg.com\/lo\/mysterio\/api\/8d83fd412e373dd0376762ede55d669a6dd662d6a6067fcda9022aa47073a324\/lightyear_networkapi\/resizefill_w768_h455;quality_80;format_webp\/https:%2F%2Fmedia.zenfs.com%2Fes%2Flanacion.com.ar%2F935be20bcfce4944c1f3afc2a5a8fb19\" alt=\"El nombre de las facturas no es casualidad: se trata de una burla hacia sectores policiales, religiosos y sociales\" \/><\/div>\n<div>\n<div><b>El nombre de las facturas no es casualidad:<\/b>\u00a0se trata de una burla hacia sectores policiales, religiosos y sociales<\/div>\n<div><\/div>\n<div><b><i>Libritos:<\/i><\/b>\u00a0en honor a la educaci\u00f3n.<\/div>\n<div><b><i>\u00a0<\/i><\/b><\/div>\n<div><b><i>Cremonas:<\/i><\/b>\u00a0una rosca hojaldrada que si se visualiza desde arriba, puede parecer una fila de letras A, s\u00edmbolo del anarquismo.<\/div>\n<div><\/div>\n<div>Estos nombres resultan una burla a estos sectores y con el paso de los a\u00f1os, fueron incluidos por las panader\u00edas de todo el pa\u00eds, en las que actualmente es posible conseguir cualquiera de estos productos.<\/div>\n<\/div>\n","protected":false},"excerpt":{"rendered":"<p>Como cada 4 de agosto, hoy se celebra en la Argentina el D\u00eda del Panadero. La jornada recuerda la fundaci\u00f3n de la Sociedad Cosmopolita de Resistencia y Colocaci\u00f3n de Obreros Panaderos, que fue el primer sindicato en el pa\u00eds en reunir a los trabajadores de este sector. El objetivo de la agrupaci\u00f3n era alcanzar mejores [&hellip;]<\/p>\n","protected":false},"author":2,"featured_media":11325,"comment_status":"open","ping_status":"open","sticky":false,"template":"","format":"standard","meta":{"footnotes":""},"categories":[80],"tags":[],"class_list":["post-11324","post","type-post","status-publish","format-standard","has-post-thumbnail","category-interes-general"],"_links":{"self":[{"href":"https:\/\/radiokissnoticias.com.ar\/web\/wp-json\/wp\/v2\/posts\/11324","targetHints":{"allow":["GET"]}}],"collection":[{"href":"https:\/\/radiokissnoticias.com.ar\/web\/wp-json\/wp\/v2\/posts"}],"about":[{"href":"https:\/\/radiokissnoticias.com.ar\/web\/wp-json\/wp\/v2\/types\/post"}],"author":[{"embeddable":true,"href":"https:\/\/radiokissnoticias.com.ar\/web\/wp-json\/wp\/v2\/users\/2"}],"replies":[{"embeddable":true,"href":"https:\/\/radiokissnoticias.com.ar\/web\/wp-json\/wp\/v2\/comments?post=11324"}],"version-history":[{"count":3,"href":"https:\/\/radiokissnoticias.com.ar\/web\/wp-json\/wp\/v2\/posts\/11324\/revisions"}],"predecessor-version":[{"id":11343,"href":"https:\/\/radiokissnoticias.com.ar\/web\/wp-json\/wp\/v2\/posts\/11324\/revisions\/11343"}],"wp:featuredmedia":[{"embeddable":true,"href":"https:\/\/radiokissnoticias.com.ar\/web\/wp-json\/wp\/v2\/media\/11325"}],"wp:attachment":[{"href":"https:\/\/radiokissnoticias.com.ar\/web\/wp-json\/wp\/v2\/media?parent=11324"}],"wp:term":[{"taxonomy":"category","embeddable":true,"href":"https:\/\/radiokissnoticias.com.ar\/web\/wp-json\/wp\/v2\/categories?post=11324"},{"taxonomy":"post_tag","embeddable":true,"href":"https:\/\/radiokissnoticias.com.ar\/web\/wp-json\/wp\/v2\/tags?post=11324"}],"curies":[{"name":"wp","href":"https:\/\/api.w.org\/{rel}","templated":true}]}}