{"id":11317,"date":"2026-08-04T13:20:29","date_gmt":"2026-08-04T16:20:29","guid":{"rendered":"https:\/\/radiokissnoticias.com.ar\/web\/?p=11317"},"modified":"2026-08-04T13:20:29","modified_gmt":"2026-08-04T16:20:29","slug":"goya-se-prepara-para-honrar-a-san-cayetano-el-patrono-del-pan-y-del-trabajo","status":"publish","type":"post","link":"https:\/\/radiokissnoticias.com.ar\/web\/2026\/08\/04\/goya-se-prepara-para-honrar-a-san-cayetano-el-patrono-del-pan-y-del-trabajo\/","title":{"rendered":"Goya se prepara para honrar a San Cayetano, el patrono del pan y del trabajo"},"content":{"rendered":"<p>La comunidad de San Cayetano, ubicada en la intersecci\u00f3n de las calles Tucum\u00e1n y Pujol, invita a participar de las celebraciones en honor a su santo patrono. Bajo el lema &#8220;Iglesia sinodal: comuni\u00f3n, participaci\u00f3n y misi\u00f3n&#8221;. La comunidad ya se encuentra transitando la novena patronal con el santo rosario a las 15 y luego a las 20 la misa.<\/p>\n<p><img loading=\"lazy\" decoding=\"async\" class=\"alignnone size-medium wp-image-11318\" src=\"https:\/\/radiokissnoticias.com.ar\/web\/wp-content\/uploads\/2026\/08\/descarga-2026-08-04T131910.189-169x300.jpeg\" alt=\"\" width=\"169\" height=\"300\" srcset=\"https:\/\/radiokissnoticias.com.ar\/web\/wp-content\/uploads\/2026\/08\/descarga-2026-08-04T131910.189-169x300.jpeg 169w, https:\/\/radiokissnoticias.com.ar\/web\/wp-content\/uploads\/2026\/08\/descarga-2026-08-04T131910.189-237x420.jpeg 237w, https:\/\/radiokissnoticias.com.ar\/web\/wp-content\/uploads\/2026\/08\/descarga-2026-08-04T131910.189.jpeg 240w\" sizes=\"auto, (max-width: 169px) 100vw, 169px\" \/><\/p>\n<p>Este martes 4 de agosto, en el d\u00eda de San Juan Mar\u00eda Vianney -el Santo Cura de Ars-, la comunidad vivir\u00e1 una noche muy especial. La Misa de las 20, estar\u00e1 presidida por el padre Ariel Gim\u00e9nez.<\/p>\n<p>El viernes 7 de agosto, la primera misa ser\u00e1 a las 0 y luego habr\u00e1 misa a las 10 de la ma\u00f1ana, luego 15, a las 20 horas y finalmente a las 22 horas. &#8211;<\/p>\n","protected":false},"excerpt":{"rendered":"<p>La comunidad de San Cayetano, ubicada en la intersecci\u00f3n de las calles Tucum\u00e1n y Pujol, invita a participar de las celebraciones en honor a su santo patrono. Bajo el lema &#8220;Iglesia sinodal: comuni\u00f3n, participaci\u00f3n y misi\u00f3n&#8221;. La comunidad ya se encuentra transitando la novena patronal con el santo rosario a las 15 y luego a [&hellip;]<\/p>\n","protected":false},"author":2,"featured_media":11319,"comment_status":"open","ping_status":"open","sticky":false,"template":"","format":"standard","meta":{"footnotes":""},"categories":[77],"tags":[],"class_list":["post-11317","post","type-post","status-publish","format-standard","has-post-thumbnail","category-local"],"_links":{"self":[{"href":"https:\/\/radiokissnoticias.com.ar\/web\/wp-json\/wp\/v2\/posts\/11317","targetHints":{"allow":["GET"]}}],"collection":[{"href":"https:\/\/radiokissnoticias.com.ar\/web\/wp-json\/wp\/v2\/posts"}],"about":[{"href":"https:\/\/radiokissnoticias.com.ar\/web\/wp-json\/wp\/v2\/types\/post"}],"author":[{"embeddable":true,"href":"https:\/\/radiokissnoticias.com.ar\/web\/wp-json\/wp\/v2\/users\/2"}],"replies":[{"embeddable":true,"href":"https:\/\/radiokissnoticias.com.ar\/web\/wp-json\/wp\/v2\/comments?post=11317"}],"version-history":[{"count":1,"href":"https:\/\/radiokissnoticias.com.ar\/web\/wp-json\/wp\/v2\/posts\/11317\/revisions"}],"predecessor-version":[{"id":11320,"href":"https:\/\/radiokissnoticias.com.ar\/web\/wp-json\/wp\/v2\/posts\/11317\/revisions\/11320"}],"wp:featuredmedia":[{"embeddable":true,"href":"https:\/\/radiokissnoticias.com.ar\/web\/wp-json\/wp\/v2\/media\/11319"}],"wp:attachment":[{"href":"https:\/\/radiokissnoticias.com.ar\/web\/wp-json\/wp\/v2\/media?parent=11317"}],"wp:term":[{"taxonomy":"category","embeddable":true,"href":"https:\/\/radiokissnoticias.com.ar\/web\/wp-json\/wp\/v2\/categories?post=11317"},{"taxonomy":"post_tag","embeddable":true,"href":"https:\/\/radiokissnoticias.com.ar\/web\/wp-json\/wp\/v2\/tags?post=11317"}],"curies":[{"name":"wp","href":"https:\/\/api.w.org\/{rel}","templated":true}]}}