{"id":11313,"date":"2026-08-04T12:30:06","date_gmt":"2026-08-04T15:30:06","guid":{"rendered":"https:\/\/radiokissnoticias.com.ar\/web\/?p=11313"},"modified":"2026-08-04T12:30:06","modified_gmt":"2026-08-04T15:30:06","slug":"la-familia-de-loan-pena-denuncio-maniobras-para-frenar-la-investigacion-y-apoyo-a-la-jueza-pozzer","status":"publish","type":"post","link":"https:\/\/radiokissnoticias.com.ar\/web\/2026\/08\/04\/la-familia-de-loan-pena-denuncio-maniobras-para-frenar-la-investigacion-y-apoyo-a-la-jueza-pozzer\/","title":{"rendered":"La familia de Loan Pe\u00f1a denunci\u00f3 maniobras para frenar la investigaci\u00f3n, y apoy\u00f3 a la jueza Pozzer"},"content":{"rendered":"<p>Se reanuda el juicio oral y p\u00fablico. En un duro comunicado, los padres y el hermano del menor defendieron el trabajo de la jueza de instrucci\u00f3n, advirtieron que &#8220;Loan sigue secuestrado&#8221; y pidieron que todas las hip\u00f3tesis contin\u00faen siendo investigadas.<\/p>\n<p>A horas de retomarse el juicio oral por la desaparici\u00f3n de Loan Danilo Pe\u00f1a, los padres retomaron el centro de la escena y manifestaron su apoyo a la tarea realizada por la jueza federal de Goya.<\/p>\n<p>La familia de Loan emiti\u00f3 este 31 de julio un extenso comunicado en el que denunci\u00f3 maniobras de obstaculizaci\u00f3n judicial, cuestion\u00f3 las denuncias contra la jueza federal de Goya y exigi\u00f3 que ninguna l\u00ednea de investigaci\u00f3n sea clausurada mientras el ni\u00f1o contin\u00faa desaparecido, a m\u00e1s de dos a\u00f1os de su desaparici\u00f3n en la localidad de 9 de Julio<\/p>\n<p>El documento, titulado &#8220;Los secuestradores y los obstaculizadores&#8221; y firmado por los padres Mar\u00eda Noguera y Jos\u00e9 Pe\u00f1a, junto con sus hijos Mariano y Jos\u00e9, fue difundido en el marco del juicio oral que se desarrolla ante el Tribunal Oral Federal de Corrientes (TOFC) en el predio del Escuadr\u00f3n 48 de Gendarmer\u00eda Nacional. El proceso, que re\u00fane a 17 acusados, ventila de forma simult\u00e1nea la hip\u00f3tesis principal de sustracci\u00f3n del menor y la causa conexa por encubrimiento y desv\u00edo de la pesquisa.<\/p>\n<p>&#8220;Desde el 13 de junio de 2024 nuestra familia vive el mayor dolor que puede atravesar un ser humano: la desaparici\u00f3n de un hijo&#8221;, arranca el texto. &#8220;Desde entonces no hemos pedido privilegios, no hemos reclamado excepciones ni pretendido interferir en el funcionamiento de las instituciones de la Rep\u00fablica. Hemos hecho una sola cosa: exigir, d\u00eda tras d\u00eda, que el Estado argentino investigue hasta las \u00faltimas consecuencias qu\u00e9 ocurri\u00f3 con Loan&#8221;, escribieron los Pe\u00f1a-Noguera.<\/p>\n<p>El eje central del comunicado apunta a las denuncias presentadas ante el Consejo de la Magistratura de la Naci\u00f3n por el titular de La Alameda, Gustavo Vera, contra la jueza federal de Goya, Cristina Pozzer Penzo, magistrada que instruy\u00f3 la investigaci\u00f3n y dispuso la elevaci\u00f3n de la causa a juicio oral. &#8220;De inmediato y casualmente, comenzaron a activarse y tomar impulso las denuncias en su contra&#8221;, advirtieron los Pe\u00f1a-Noguera.<\/p>\n<p>La citaci\u00f3n de Pozzer Penzo ante el Consejo de la Magistratura qued\u00f3 fijada para el 26 de agosto. La magistrada rechaz\u00f3 las acusaciones y afirm\u00f3 que las actuaciones se originaron en un reclamo de la Uni\u00f3n de Empleados de la Justicia de la Naci\u00f3n (UEJN) por supuestos malos tratos al personal, y que refut\u00f3 cada uno de los hechos con prueba objetiva.<\/p>\n<p>El texto de la familia traza una secuencia que, a su juicio, se repite desde el inicio del caso. &#8220;Primero fueron las v\u00edctimas. Luego los familiares. Despu\u00e9s los testigos. M\u00e1s tarde quienes colaboraban con la investigaci\u00f3n. Posteriormente comenzaron los cuestionamientos dirigidos hacia auxiliares, investigadores y funcionarios judiciales&#8221;, enumeraron con precisi\u00f3n. &#8220;Hoy esas controversias alcanzan a magistrados que adoptaron decisiones relevantes dentro de una de las investigaciones criminales m\u00e1s complejas, delicadas y trascendentes de la historia reciente de nuestro pa\u00eds.<\/p>\n<p>En ese hilo, el comunicado record\u00f3 que personas llegadas desde Buenos Aires intervinieron en los primeros meses sobre los ni\u00f1os que acompa\u00f1aron a Loan en el naranjal, los \u00faltimos testigos que lo vieron con vida. Seg\u00fan la familia, &#8220;los manipularon, los asustaron, y finalmente lograron que no recuerden nada o directamente sean contradictorios, confusos o directamente no tengan rastros indubitables en su memoria&#8221;. El resultado, afirmaron, fue que hasta hoy ninguno de esos testimonios permiti\u00f3 identificar a quien se llev\u00f3 al ni\u00f1o.<\/p>\n<p>Otro punto de tensi\u00f3n abordado en el documento es la solicitud de archivo e invalidaci\u00f3n de la investigaci\u00f3n sobre Vera por parte de los fiscales de la PROTEX y el fiscal federal de Corrientes, Mariano de Guzm\u00e1n, quienes integran el legajo 92 del caso. La familia no ocult\u00f3 su indignaci\u00f3n: &#8220;Estamos absortos, indignados, asombrados, de ver como nuestra verdad por Loan se coarta, se limita y en este caso, se pretende dejar sin efecto a la vista de todos los correntinos una investigaci\u00f3n que nunca se pudo hacer&#8221;. Y agregaron con contundencia: &#8220;Loan no est\u00e1, Loan sigue secuestrado. Consideramos que ni \u00e9sta ni ninguna l\u00ednea de investigaci\u00f3n puede ser descartada prematuramente.&#8221;<\/p>\n","protected":false},"excerpt":{"rendered":"<p>Se reanuda el juicio oral y p\u00fablico. En un duro comunicado, los padres y el hermano del menor defendieron el trabajo de la jueza de instrucci\u00f3n, advirtieron que &#8220;Loan sigue secuestrado&#8221; y pidieron que todas las hip\u00f3tesis contin\u00faen siendo investigadas. A horas de retomarse el juicio oral por la desaparici\u00f3n de Loan Danilo Pe\u00f1a, los [&hellip;]<\/p>\n","protected":false},"author":2,"featured_media":11314,"comment_status":"open","ping_status":"open","sticky":false,"template":"","format":"standard","meta":{"footnotes":""},"categories":[82],"tags":[],"class_list":["post-11313","post","type-post","status-publish","format-standard","has-post-thumbnail","category-policiales"],"_links":{"self":[{"href":"https:\/\/radiokissnoticias.com.ar\/web\/wp-json\/wp\/v2\/posts\/11313","targetHints":{"allow":["GET"]}}],"collection":[{"href":"https:\/\/radiokissnoticias.com.ar\/web\/wp-json\/wp\/v2\/posts"}],"about":[{"href":"https:\/\/radiokissnoticias.com.ar\/web\/wp-json\/wp\/v2\/types\/post"}],"author":[{"embeddable":true,"href":"https:\/\/radiokissnoticias.com.ar\/web\/wp-json\/wp\/v2\/users\/2"}],"replies":[{"embeddable":true,"href":"https:\/\/radiokissnoticias.com.ar\/web\/wp-json\/wp\/v2\/comments?post=11313"}],"version-history":[{"count":1,"href":"https:\/\/radiokissnoticias.com.ar\/web\/wp-json\/wp\/v2\/posts\/11313\/revisions"}],"predecessor-version":[{"id":11315,"href":"https:\/\/radiokissnoticias.com.ar\/web\/wp-json\/wp\/v2\/posts\/11313\/revisions\/11315"}],"wp:featuredmedia":[{"embeddable":true,"href":"https:\/\/radiokissnoticias.com.ar\/web\/wp-json\/wp\/v2\/media\/11314"}],"wp:attachment":[{"href":"https:\/\/radiokissnoticias.com.ar\/web\/wp-json\/wp\/v2\/media?parent=11313"}],"wp:term":[{"taxonomy":"category","embeddable":true,"href":"https:\/\/radiokissnoticias.com.ar\/web\/wp-json\/wp\/v2\/categories?post=11313"},{"taxonomy":"post_tag","embeddable":true,"href":"https:\/\/radiokissnoticias.com.ar\/web\/wp-json\/wp\/v2\/tags?post=11313"}],"curies":[{"name":"wp","href":"https:\/\/api.w.org\/{rel}","templated":true}]}}