{"id":11304,"date":"2026-08-04T12:06:51","date_gmt":"2026-08-04T15:06:51","guid":{"rendered":"https:\/\/radiokissnoticias.com.ar\/web\/?p=11304"},"modified":"2026-08-04T12:06:51","modified_gmt":"2026-08-04T15:06:51","slug":"monsenor-canecin-a-los-parrocos-agradezco-su-si-inicial-y-su-entrega-incondicional","status":"publish","type":"post","link":"https:\/\/radiokissnoticias.com.ar\/web\/2026\/08\/04\/monsenor-canecin-a-los-parrocos-agradezco-su-si-inicial-y-su-entrega-incondicional\/","title":{"rendered":"Monse\u00f1or Canec\u00edn a los P\u00e1rrocos: &#8220;agradezco su s\u00ed inicial y su entrega incondicional&#8221;"},"content":{"rendered":"<p>En la memoria de San Juan Mar\u00eda Vianney, el Santo Cura de Ars, patrono de los p\u00e1rrocos, el obispo de Goya, monse\u00f1or Adolfo Ram\u00f3n Canec\u00edn, hizo llegar un c\u00e1lido y fraterno mensaje a todos los presb\u00edteros de la di\u00f3cesis para saludarlos en su d\u00eda y animarlos a renovar la vocaci\u00f3n.<\/p>\n<p>En un contexto marcado por el camino del S\u00ednodo de la Sinodalidad, monse\u00f1or Canec\u00edn destac\u00f3 la entrega generosa de los p\u00e1rrocos en el d\u00eda a d\u00eda de sus comunidades pastorales.<\/p>\n<p>En su saludo, el obispo diocesano expres\u00f3:<\/p>\n<p>&#8220;Hermanos Presb\u00edteros de la Di\u00f3cesis, \u00a1quiero saludarlos y felicitarlos en este d\u00eda!<\/p>\n<p>Agradecerles por su S\u00cd inicial y cotidiano, y por la entrega incondicional al Se\u00f1or y a la Iglesia en su Ministerio. Deseo que pasen un d\u00eda colmado de las Bendiciones del Se\u00f1or.<\/p>\n<p>La Virgen los cuide. Un abrazo fraterno.&#8221;.<\/p>\n","protected":false},"excerpt":{"rendered":"<p>En la memoria de San Juan Mar\u00eda Vianney, el Santo Cura de Ars, patrono de los p\u00e1rrocos, el obispo de Goya, monse\u00f1or Adolfo Ram\u00f3n Canec\u00edn, hizo llegar un c\u00e1lido y fraterno mensaje a todos los presb\u00edteros de la di\u00f3cesis para saludarlos en su d\u00eda y animarlos a renovar la vocaci\u00f3n. En un contexto marcado por [&hellip;]<\/p>\n","protected":false},"author":2,"featured_media":11305,"comment_status":"open","ping_status":"open","sticky":false,"template":"","format":"standard","meta":{"footnotes":""},"categories":[77],"tags":[],"class_list":["post-11304","post","type-post","status-publish","format-standard","has-post-thumbnail","category-local"],"_links":{"self":[{"href":"https:\/\/radiokissnoticias.com.ar\/web\/wp-json\/wp\/v2\/posts\/11304","targetHints":{"allow":["GET"]}}],"collection":[{"href":"https:\/\/radiokissnoticias.com.ar\/web\/wp-json\/wp\/v2\/posts"}],"about":[{"href":"https:\/\/radiokissnoticias.com.ar\/web\/wp-json\/wp\/v2\/types\/post"}],"author":[{"embeddable":true,"href":"https:\/\/radiokissnoticias.com.ar\/web\/wp-json\/wp\/v2\/users\/2"}],"replies":[{"embeddable":true,"href":"https:\/\/radiokissnoticias.com.ar\/web\/wp-json\/wp\/v2\/comments?post=11304"}],"version-history":[{"count":1,"href":"https:\/\/radiokissnoticias.com.ar\/web\/wp-json\/wp\/v2\/posts\/11304\/revisions"}],"predecessor-version":[{"id":11306,"href":"https:\/\/radiokissnoticias.com.ar\/web\/wp-json\/wp\/v2\/posts\/11304\/revisions\/11306"}],"wp:featuredmedia":[{"embeddable":true,"href":"https:\/\/radiokissnoticias.com.ar\/web\/wp-json\/wp\/v2\/media\/11305"}],"wp:attachment":[{"href":"https:\/\/radiokissnoticias.com.ar\/web\/wp-json\/wp\/v2\/media?parent=11304"}],"wp:term":[{"taxonomy":"category","embeddable":true,"href":"https:\/\/radiokissnoticias.com.ar\/web\/wp-json\/wp\/v2\/categories?post=11304"},{"taxonomy":"post_tag","embeddable":true,"href":"https:\/\/radiokissnoticias.com.ar\/web\/wp-json\/wp\/v2\/tags?post=11304"}],"curies":[{"name":"wp","href":"https:\/\/api.w.org\/{rel}","templated":true}]}}