{"id":11295,"date":"2026-08-04T11:56:44","date_gmt":"2026-08-04T14:56:44","guid":{"rendered":"https:\/\/radiokissnoticias.com.ar\/web\/?p=11295"},"modified":"2026-08-04T11:56:44","modified_gmt":"2026-08-04T14:56:44","slug":"35o-encuentro-de-meditacion-sanacion-y-expansion-en-casa-de-la-cultura","status":"publish","type":"post","link":"https:\/\/radiokissnoticias.com.ar\/web\/2026\/08\/04\/35o-encuentro-de-meditacion-sanacion-y-expansion-en-casa-de-la-cultura\/","title":{"rendered":"35\u00ba Encuentro de Meditaci\u00f3n, Sanaci\u00f3n y Expansi\u00f3n en Casa de la Cultura"},"content":{"rendered":"<p>Organizado por la Comunidad Terap\u00e9utica &#8220;Conexi\u00f3n Natural&#8221;, con el acompa\u00f1amiento de la Municipalidad, desde la Secretar\u00eda de Turismo, por medio de la Direcci\u00f3n de Cultura, se desarrollar\u00e1 el 35\u00ba encuentro de meditaci\u00f3n, el viernes 7 de agosto, desde las 19 horas en la Casa de la Cultura.<\/p>\n<p>La cita est\u00e1 destinada a las personas que habitualmente comparten este espacio de interioridad, de b\u00fasqueda de la armon\u00eda integral, y para aquellos interesados en realizar la experiencia, &#8220;Yoga, Inspiraci\u00f3n Vital&#8221;, con acceso libre y gratuito.<\/p>\n<p>Se recomienda asistir con ropas c\u00f3modas, livianas, para la pr\u00e1ctica de esta disciplina.<\/p>\n<p>Direcci\u00f3n de Prensa &#8211; Municipalidad de Goya<\/p>\n","protected":false},"excerpt":{"rendered":"<p>Organizado por la Comunidad Terap\u00e9utica &#8220;Conexi\u00f3n Natural&#8221;, con el acompa\u00f1amiento de la Municipalidad, desde la Secretar\u00eda de Turismo, por medio de la Direcci\u00f3n de Cultura, se desarrollar\u00e1 el 35\u00ba encuentro de meditaci\u00f3n, el viernes 7 de agosto, desde las 19 horas en la Casa de la Cultura. La cita est\u00e1 destinada a las personas que [&hellip;]<\/p>\n","protected":false},"author":2,"featured_media":11296,"comment_status":"open","ping_status":"open","sticky":false,"template":"","format":"standard","meta":{"footnotes":""},"categories":[77],"tags":[],"class_list":["post-11295","post","type-post","status-publish","format-standard","has-post-thumbnail","category-local"],"_links":{"self":[{"href":"https:\/\/radiokissnoticias.com.ar\/web\/wp-json\/wp\/v2\/posts\/11295","targetHints":{"allow":["GET"]}}],"collection":[{"href":"https:\/\/radiokissnoticias.com.ar\/web\/wp-json\/wp\/v2\/posts"}],"about":[{"href":"https:\/\/radiokissnoticias.com.ar\/web\/wp-json\/wp\/v2\/types\/post"}],"author":[{"embeddable":true,"href":"https:\/\/radiokissnoticias.com.ar\/web\/wp-json\/wp\/v2\/users\/2"}],"replies":[{"embeddable":true,"href":"https:\/\/radiokissnoticias.com.ar\/web\/wp-json\/wp\/v2\/comments?post=11295"}],"version-history":[{"count":1,"href":"https:\/\/radiokissnoticias.com.ar\/web\/wp-json\/wp\/v2\/posts\/11295\/revisions"}],"predecessor-version":[{"id":11297,"href":"https:\/\/radiokissnoticias.com.ar\/web\/wp-json\/wp\/v2\/posts\/11295\/revisions\/11297"}],"wp:featuredmedia":[{"embeddable":true,"href":"https:\/\/radiokissnoticias.com.ar\/web\/wp-json\/wp\/v2\/media\/11296"}],"wp:attachment":[{"href":"https:\/\/radiokissnoticias.com.ar\/web\/wp-json\/wp\/v2\/media?parent=11295"}],"wp:term":[{"taxonomy":"category","embeddable":true,"href":"https:\/\/radiokissnoticias.com.ar\/web\/wp-json\/wp\/v2\/categories?post=11295"},{"taxonomy":"post_tag","embeddable":true,"href":"https:\/\/radiokissnoticias.com.ar\/web\/wp-json\/wp\/v2\/tags?post=11295"}],"curies":[{"name":"wp","href":"https:\/\/api.w.org\/{rel}","templated":true}]}}