{"id":11291,"date":"2026-08-04T11:54:16","date_gmt":"2026-08-04T14:54:16","guid":{"rendered":"https:\/\/radiokissnoticias.com.ar\/web\/?p=11291"},"modified":"2026-08-04T11:54:16","modified_gmt":"2026-08-04T14:54:16","slug":"el-servicio-meteorologico-nacional-emitio-un-alerta-por-lluvias-y-tormentas-fuertes-para-toda-la-provincia-de-corrientes","status":"publish","type":"post","link":"https:\/\/radiokissnoticias.com.ar\/web\/2026\/08\/04\/el-servicio-meteorologico-nacional-emitio-un-alerta-por-lluvias-y-tormentas-fuertes-para-toda-la-provincia-de-corrientes\/","title":{"rendered":"El Servicio Meteorol\u00f3gico Nacional emiti\u00f3 un alerta por lluvias y tormentas fuertes para toda la provincia de Corrientes"},"content":{"rendered":"<p>El organismo nacional advirti\u00f3 que el fen\u00f3meno afectar\u00e1 a la totalidad del territorio provincial hasta ma\u00f1ana mi\u00e9rcoles. En la noche del lunes cayeron 10 mil\u00edmetros ca\u00eddos entre las 20 y 21, de acuerdo al dato brindado por la guardia del Cuartel de Bomberos de Goya.<\/p>\n<p><img loading=\"lazy\" decoding=\"async\" class=\"alignnone size-medium wp-image-11292\" src=\"https:\/\/radiokissnoticias.com.ar\/web\/wp-content\/uploads\/2026\/08\/descarga-2026-08-04T115242.941-300x245.jpeg\" alt=\"\" width=\"300\" height=\"245\" srcset=\"https:\/\/radiokissnoticias.com.ar\/web\/wp-content\/uploads\/2026\/08\/descarga-2026-08-04T115242.941-300x245.jpeg 300w, https:\/\/radiokissnoticias.com.ar\/web\/wp-content\/uploads\/2026\/08\/descarga-2026-08-04T115242.941.jpeg 467w\" sizes=\"auto, (max-width: 300px) 100vw, 300px\" \/><\/p>\n<p>El Servicio Meteorol\u00f3gico Nacional (SMN) renov\u00f3 el alerta amarilla por lluvias y tormentas fuertes para la totalidad de la provincia de Corrientes.<\/p>\n<p>De acuerdo con el reporte oficial del organismo t\u00e9cnico, el escenario de inestabilidad y malas condiciones del tiempo se extender\u00e1 de forma continua sobre el territorio provincial al menos hasta la jornada del mi\u00e9rcoles.<\/p>\n<p>El informe oficial detall\u00f3 que el \u00e1rea de cobertura se ver\u00e1 afectada por tormentas de variada intensidad, present\u00e1ndose algunas de car\u00e1cter severo.<\/p>\n<p>Estos fen\u00f3menos meteorol\u00f3gicos podr\u00e1n estar acompa\u00f1ados por r\u00e1fagas de viento de consideraci\u00f3n, ca\u00edda eventual de granizo, abundante ca\u00edda de agua en breves lapsos de tiempo y una intensa actividad el\u00e9ctrica sobre las distintas regiones correntinas.<\/p>\n<p>En cuanto a los vol\u00famenes h\u00eddricos, se estiman valores de precipitaci\u00f3n acumulada situados entre los 40 y 80 mil\u00edmetros, registros que podr\u00edan ser superados de manera puntual en determinadas localidades.<\/p>\n<p><b>Evoluci\u00f3n del tiempo para la ciudad de Corrientes durante el martes<\/b><\/p>\n<p>Respecto al pron\u00f3stico espec\u00edfico para la ciudad capital, el Servicio Meteorol\u00f3gico Nacional adelant\u00f3 que se aguardan precipitaciones a lo largo de toda la jornada del martes. Durante la madrugada y la ma\u00f1ana se prev\u00e9 el tramo de mayor inestabilidad, con una probabilidad de precipitaciones que alcanzar\u00e1 hasta un 70 %.<\/p>\n<p>Hacia el turno tarde, el panorama meteorol\u00f3gico mostrar\u00e1 la continuidad de chaparrones aislados sobre la capital provincial. En materia de marcas t\u00e9rmicas, se anticipa una jornada c\u00e1lida y h\u00fameda en la que la temperatura m\u00e1xima trepar\u00e1 hasta ubicarse en los 27 grados.<\/p>\n<p><b>Pron\u00f3stico extendido para el mi\u00e9rcoles en la capital provincial<\/b><\/p>\n<p>Las condiciones de inestabilidad no dar\u00e1n tregua hacia mediados de semana en el distrito capitalino. Durante el mi\u00e9rcoles continuar\u00e1n las precipitaciones en la zona y se proyecta la formaci\u00f3n de tormentas de variada intensidad a lo largo de todo el bloque matutino.<\/p>\n<p>Hacia el resto del d\u00eda se mantendr\u00e1n las coberturas nubosas e intermitencias h\u00eddricas en la capital. El mapa t\u00e9rmico para esa jornada oscilar\u00e1 entre una temperatura m\u00ednima de 17 grados y una m\u00e1xima que volver\u00e1 a alcanzar el techo de los 27 grados.<\/p>\n","protected":false},"excerpt":{"rendered":"<p>El organismo nacional advirti\u00f3 que el fen\u00f3meno afectar\u00e1 a la totalidad del territorio provincial hasta ma\u00f1ana mi\u00e9rcoles. En la noche del lunes cayeron 10 mil\u00edmetros ca\u00eddos entre las 20 y 21, de acuerdo al dato brindado por la guardia del Cuartel de Bomberos de Goya. El Servicio Meteorol\u00f3gico Nacional (SMN) renov\u00f3 el alerta amarilla por [&hellip;]<\/p>\n","protected":false},"author":2,"featured_media":11293,"comment_status":"open","ping_status":"open","sticky":false,"template":"","format":"standard","meta":{"footnotes":""},"categories":[79],"tags":[],"class_list":["post-11291","post","type-post","status-publish","format-standard","has-post-thumbnail","category-provincia"],"_links":{"self":[{"href":"https:\/\/radiokissnoticias.com.ar\/web\/wp-json\/wp\/v2\/posts\/11291","targetHints":{"allow":["GET"]}}],"collection":[{"href":"https:\/\/radiokissnoticias.com.ar\/web\/wp-json\/wp\/v2\/posts"}],"about":[{"href":"https:\/\/radiokissnoticias.com.ar\/web\/wp-json\/wp\/v2\/types\/post"}],"author":[{"embeddable":true,"href":"https:\/\/radiokissnoticias.com.ar\/web\/wp-json\/wp\/v2\/users\/2"}],"replies":[{"embeddable":true,"href":"https:\/\/radiokissnoticias.com.ar\/web\/wp-json\/wp\/v2\/comments?post=11291"}],"version-history":[{"count":1,"href":"https:\/\/radiokissnoticias.com.ar\/web\/wp-json\/wp\/v2\/posts\/11291\/revisions"}],"predecessor-version":[{"id":11294,"href":"https:\/\/radiokissnoticias.com.ar\/web\/wp-json\/wp\/v2\/posts\/11291\/revisions\/11294"}],"wp:featuredmedia":[{"embeddable":true,"href":"https:\/\/radiokissnoticias.com.ar\/web\/wp-json\/wp\/v2\/media\/11293"}],"wp:attachment":[{"href":"https:\/\/radiokissnoticias.com.ar\/web\/wp-json\/wp\/v2\/media?parent=11291"}],"wp:term":[{"taxonomy":"category","embeddable":true,"href":"https:\/\/radiokissnoticias.com.ar\/web\/wp-json\/wp\/v2\/categories?post=11291"},{"taxonomy":"post_tag","embeddable":true,"href":"https:\/\/radiokissnoticias.com.ar\/web\/wp-json\/wp\/v2\/tags?post=11291"}],"curies":[{"name":"wp","href":"https:\/\/api.w.org\/{rel}","templated":true}]}}