{"id":11285,"date":"2026-08-04T11:42:35","date_gmt":"2026-08-04T14:42:35","guid":{"rendered":"https:\/\/radiokissnoticias.com.ar\/web\/?p=11285"},"modified":"2026-08-04T11:42:35","modified_gmt":"2026-08-04T14:42:35","slug":"agdb-con-triunfos-de-unida-inicio-una-nueva-semana-de-competencias-del-oficial-de-formativas","status":"publish","type":"post","link":"https:\/\/radiokissnoticias.com.ar\/web\/2026\/08\/04\/agdb-con-triunfos-de-unida-inicio-una-nueva-semana-de-competencias-del-oficial-de-formativas\/","title":{"rendered":"AGDB: Con triunfos de Unida inici\u00f3 una nueva semana de competencias del oficial de formativas"},"content":{"rendered":"<p>En cancha del Instituto San Mart\u00edn, triunfos de Juventud Unida en Mini Mixto y en Juveniles. Este martes 4, la acci\u00f3n se concentrar\u00e1 en el estadio de AMAD a partir de las 21.<\/p>\n<p>El lunes 3 de agosto se inici\u00f3 una nueva semana de competencias por el Torneo Oficial de las categor\u00edas formativas organizado por la Asociaci\u00f3n Goyana de B\u00e1squet.<\/p>\n<p>Con partidos de Mini Mixto y Juveniles, el due\u00f1o de casa y Juventud Unida cumplieron con sus respectivos compromisos.<\/p>\n<p>RESUMEN.<\/p>\n<p>MINI MIXTO<\/p>\n<p>ISM 17 &#8211; JUVENTUD UNIDA 67. Parciales: 00\/18 &#8211; 00\/08 &#8211; 02\/22 &#8211; 04\/06 &#8211; 04\/08 &#8211; 07\/05<\/p>\n<p>JUVENILES<\/p>\n<p>ISM 52 &#8211; JUVENTUD UNIDA 63. Parciales: 06\/11 &#8211; 18\/15 &#8211; 17\/19 &#8211; 11\/18<\/p>\n<p>El pasado s\u00e1bado 1 de agosto, Santa Rosa B\u00e1squet recibi\u00f3 la visita de Esquina Football Club en las categor\u00edas Juveniles y Liga Pr\u00f3ximo.<\/p>\n<p>LOS RESULTADOS<\/p>\n<p>JUVENILES<br \/>\nSANTA ROSA 69 &#8211; FOOTBALL 85. Parciales: 06\/23 &#8211; 16\/24 &#8211; 17\/23 &#8211; 30\/15<\/p>\n<p>LIGA PR\u00d3XIMO<br \/>\nSANTA ROSA 66 &#8211; FOOTBALL 58. Parciales: 16\/15 &#8211; 10\/12 &#8211; 12\/22 &#8211; 28\/09<\/p>\n<p><b>PROGRAMACI\u00d3N MARTES 04.08.25<\/p>\n<p>Cancha AMAD &#8211; 20.30 horas<\/b><\/p>\n<p>Infantiles &#8211; JUVENTUD UNIDA vs. ISM<br \/>\nJuveniles &#8211; AMAD vs. ESPA\u00d1OL<\/p>\n","protected":false},"excerpt":{"rendered":"<p>En cancha del Instituto San Mart\u00edn, triunfos de Juventud Unida en Mini Mixto y en Juveniles. Este martes 4, la acci\u00f3n se concentrar\u00e1 en el estadio de AMAD a partir de las 21. El lunes 3 de agosto se inici\u00f3 una nueva semana de competencias por el Torneo Oficial de las categor\u00edas formativas organizado por [&hellip;]<\/p>\n","protected":false},"author":2,"featured_media":11286,"comment_status":"open","ping_status":"open","sticky":false,"template":"","format":"standard","meta":{"footnotes":""},"categories":[83],"tags":[],"class_list":["post-11285","post","type-post","status-publish","format-standard","has-post-thumbnail","category-deporte"],"_links":{"self":[{"href":"https:\/\/radiokissnoticias.com.ar\/web\/wp-json\/wp\/v2\/posts\/11285","targetHints":{"allow":["GET"]}}],"collection":[{"href":"https:\/\/radiokissnoticias.com.ar\/web\/wp-json\/wp\/v2\/posts"}],"about":[{"href":"https:\/\/radiokissnoticias.com.ar\/web\/wp-json\/wp\/v2\/types\/post"}],"author":[{"embeddable":true,"href":"https:\/\/radiokissnoticias.com.ar\/web\/wp-json\/wp\/v2\/users\/2"}],"replies":[{"embeddable":true,"href":"https:\/\/radiokissnoticias.com.ar\/web\/wp-json\/wp\/v2\/comments?post=11285"}],"version-history":[{"count":1,"href":"https:\/\/radiokissnoticias.com.ar\/web\/wp-json\/wp\/v2\/posts\/11285\/revisions"}],"predecessor-version":[{"id":11287,"href":"https:\/\/radiokissnoticias.com.ar\/web\/wp-json\/wp\/v2\/posts\/11285\/revisions\/11287"}],"wp:featuredmedia":[{"embeddable":true,"href":"https:\/\/radiokissnoticias.com.ar\/web\/wp-json\/wp\/v2\/media\/11286"}],"wp:attachment":[{"href":"https:\/\/radiokissnoticias.com.ar\/web\/wp-json\/wp\/v2\/media?parent=11285"}],"wp:term":[{"taxonomy":"category","embeddable":true,"href":"https:\/\/radiokissnoticias.com.ar\/web\/wp-json\/wp\/v2\/categories?post=11285"},{"taxonomy":"post_tag","embeddable":true,"href":"https:\/\/radiokissnoticias.com.ar\/web\/wp-json\/wp\/v2\/tags?post=11285"}],"curies":[{"name":"wp","href":"https:\/\/api.w.org\/{rel}","templated":true}]}}