{"id":11280,"date":"2026-08-04T11:27:59","date_gmt":"2026-08-04T14:27:59","guid":{"rendered":"https:\/\/radiokissnoticias.com.ar\/web\/?p=11280"},"modified":"2026-08-04T11:36:28","modified_gmt":"2026-08-04T14:36:28","slug":"el-paro-docente-registro-mas-de-63-de-acatamiento-en-corrientes","status":"publish","type":"post","link":"https:\/\/radiokissnoticias.com.ar\/web\/2026\/08\/04\/el-paro-docente-registro-mas-de-63-de-acatamiento-en-corrientes\/","title":{"rendered":"El paro docente registr\u00f3 m\u00e1s de 63% de acatamiento en Corrientes"},"content":{"rendered":"<p>La medida nacional impulsada por CTERA tuvo un fuerte impacto en el territorio provincial con el respaldo de SUTECO y ACDP, quienes adhirieron a la medida de fuerza nacional.<\/p>\n<p>El escenario educativo provincial volvi\u00f3 a tensarse este lunes 3 de agosto. La jornada de Paro Nacional Docente convocada por la Confederaci\u00f3n de Trabajadores de la Educaci\u00f3n de la Rep\u00fablica Argentina (CTERA) tuvo un contundente correlato en Corrientes, donde la adhesi\u00f3n super\u00f3 el 63% en todo el territorio provincial, seg\u00fan report\u00f3 el Sindicato \u00danico de Trabajadores de la Educaci\u00f3n de Corrientes (SUTECO). A nivel nacional, en tanto, la medida registr\u00f3 un acatamiento superior al 70%. En Corrientes, ACDP y SUTECO, fueron los gremios que se adhirieron a la medida de fuerza nacional.<\/p>\n<div>El acatamiento local mostr\u00f3 una geograf\u00eda variada seg\u00fan la localidad, el nivel y el turno escolar: mientras en determinados municipios y establecimientos el ausentismo docente fue casi total, en otros puntos la participaci\u00f3n se mantuvo en niveles altos o dispares.<\/div>\n<div>\n<div><\/div>\n<div>M\u00e1s all\u00e1 de los porcentajes, la jornada expuso la profundidad del malestar sindical frente a un esquema de financiamiento que, seg\u00fan advierten, acorrala tanto a las arcas provinciales como al bolsillo de los trabajadores.<\/div>\n<\/div>\n<div><\/div>\n<div>\n<div><\/div>\n<div><b>Fuego cruzado por el financiamiento<\/b><\/div>\n<\/div>\n<div><\/div>\n<div>\n<div><\/div>\n<div>Desde la conducci\u00f3n de SUTECO encuadraron la medida dentro de una crisis estructural que compromete a las dos esferas gubernamentales. &#8220;La jornada fue otra contundente muestra del malestar docente por las demandas salariales no resueltas, porque la escuela p\u00fablica se est\u00e1 cayendo a pedazos y porque nuestros estudiantes enfrentan cada vez m\u00e1s dificultades sociales y econ\u00f3micas para estudiar. La educaci\u00f3n p\u00fablica est\u00e1 siendo gravemente desfinanciada tanto por el Estado Nacional como por el Estado Provincial&#8221;, sentenci\u00f3 el secretario general del gremio correntino, Fernando Ram\u00edrez.<\/div>\n<\/div>\n<div>\n<div><\/div>\n<div>En esa l\u00ednea, Ram\u00edrez contrapuso la situaci\u00f3n actual con los picos hist\u00f3ricos de inversi\u00f3n estatal en el \u00e1rea: recort\u00f3 que Argentina supo destinar el 6,7% del Producto Bruto Interno (PBI) a la educaci\u00f3n \u2014con la meta proyectada de alcanzar un 10%\u2014, mientras que bajo la actual administraci\u00f3n del presidente Javier Milei &#8220;esa inversi\u00f3n cay\u00f3 a menos del 1% del PBI&#8221;.<\/div>\n<\/div>\n<div>\n<div><\/div>\n<div>El dirigente remarc\u00f3 que la quita de transferencias nacionales, como el Fondo Nacional de Incentivo Docente (FONID) y los programas de capacitaci\u00f3n, volc\u00f3 casi toda la carga del financiamiento educativo sobre las provincias, en un contexto donde tambi\u00e9n permanecen congeladas las becas estudiantiles y la asistencia para infraestructura y comedores.<\/div>\n<\/div>\n<div>\n<div><\/div>\n<div>A nivel central, la secretaria general de CTERA, Sonia Alesso, celebr\u00f3 el alcance del reclamo: &#8220;La extraordinaria respuesta de la docencia en todo el territorio nacional demuestra la unidad y el compromiso con la defensa de la educaci\u00f3n p\u00fablica, los derechos laborales y el futuro de millones de estudiantes&#8221;.<\/div>\n<\/div>\n<div><\/div>\n<div>\n<div><\/div>\n<div><b>El pliego local: salarios, IPS e infraestructura<\/b><\/div>\n<\/div>\n<div><\/div>\n<div>\n<div><\/div>\n<div>Si bien la convocatoria tuvo como paraguas nacional el reclamo por la reapertura urgente de la Paritaria Nacional Docente, el rechazo a la Ley de Libertad Educativa y la restituci\u00f3n del FONID, SUTECO ratific\u00f3 un duro pliego de peticiones dirigido directamente al Ejecutivo provincial. Entre las demandas de mayor peso pol\u00edtico y econ\u00f3mico para Corrientes se destacan:<\/div>\n<\/div>\n<div>\n<div><\/div>\n<div>Sueldo b\u00e1sico e inflaci\u00f3n: Exigen un incremento al b\u00e1sico en un solo pago que supere la inflaci\u00f3n acumulada de los \u00faltimos seis meses, trasladable de forma inmediata a los jubilados.<\/div>\n<\/div>\n<div>\n<div><\/div>\n<div>Piso contra la pobreza: Reclaman un salario inicial por encima de la canasta b\u00e1sica fijada por el INDEC ($1.531.473 a junio de 2026). Jubilaciones e IPS: Exigen la plena vigencia del 82% m\u00f3vil para el sector pasivo y rechazan categ\u00f3ricamente cualquier intento de transferir el Instituto de Previsi\u00f3n Social (IPS) a la \u00f3rbita nacional.<\/div>\n<\/div>\n<div>\n<div><\/div>\n<div>Condiciones laborales y blanqueo: Solicitan la eliminaci\u00f3n del cobro en cuotas y por terminaci\u00f3n de DNI, el blanqueo de sumas no remunerativas, igualdad de plus hasta en dos cargos y procesos de titularizaci\u00f3n para dar estabilidad a los docentes.<\/div>\n<\/div>\n<div>\n<div><\/div>\n<div>Previsi\u00f3n social y vivienda: Piden la descentralizaci\u00f3n del Contralor M\u00e9dico, el funcionamiento pleno de la obra social IOSCOR y la puesta en marcha de un Plan Provincial de Viviendas para el sector.<\/div>\n<div><\/div>\n<div>La jornada expuso la profundidad del malestar sindical frente a un esquema de financiamiento que acorrala tanto a las arcas provinciales como al bolsillo de los trabajadores.<\/div>\n<\/div>\n","protected":false},"excerpt":{"rendered":"<p>La medida nacional impulsada por CTERA tuvo un fuerte impacto en el territorio provincial con el respaldo de SUTECO y ACDP, quienes adhirieron a la medida de fuerza nacional. El escenario educativo provincial volvi\u00f3 a tensarse este lunes 3 de agosto. La jornada de Paro Nacional Docente convocada por la Confederaci\u00f3n de Trabajadores de la [&hellip;]<\/p>\n","protected":false},"author":2,"featured_media":11284,"comment_status":"open","ping_status":"open","sticky":false,"template":"","format":"standard","meta":{"footnotes":""},"categories":[79],"tags":[],"class_list":["post-11280","post","type-post","status-publish","format-standard","has-post-thumbnail","category-provincia"],"_links":{"self":[{"href":"https:\/\/radiokissnoticias.com.ar\/web\/wp-json\/wp\/v2\/posts\/11280","targetHints":{"allow":["GET"]}}],"collection":[{"href":"https:\/\/radiokissnoticias.com.ar\/web\/wp-json\/wp\/v2\/posts"}],"about":[{"href":"https:\/\/radiokissnoticias.com.ar\/web\/wp-json\/wp\/v2\/types\/post"}],"author":[{"embeddable":true,"href":"https:\/\/radiokissnoticias.com.ar\/web\/wp-json\/wp\/v2\/users\/2"}],"replies":[{"embeddable":true,"href":"https:\/\/radiokissnoticias.com.ar\/web\/wp-json\/wp\/v2\/comments?post=11280"}],"version-history":[{"count":1,"href":"https:\/\/radiokissnoticias.com.ar\/web\/wp-json\/wp\/v2\/posts\/11280\/revisions"}],"predecessor-version":[{"id":11282,"href":"https:\/\/radiokissnoticias.com.ar\/web\/wp-json\/wp\/v2\/posts\/11280\/revisions\/11282"}],"wp:featuredmedia":[{"embeddable":true,"href":"https:\/\/radiokissnoticias.com.ar\/web\/wp-json\/wp\/v2\/media\/11284"}],"wp:attachment":[{"href":"https:\/\/radiokissnoticias.com.ar\/web\/wp-json\/wp\/v2\/media?parent=11280"}],"wp:term":[{"taxonomy":"category","embeddable":true,"href":"https:\/\/radiokissnoticias.com.ar\/web\/wp-json\/wp\/v2\/categories?post=11280"},{"taxonomy":"post_tag","embeddable":true,"href":"https:\/\/radiokissnoticias.com.ar\/web\/wp-json\/wp\/v2\/tags?post=11280"}],"curies":[{"name":"wp","href":"https:\/\/api.w.org\/{rel}","templated":true}]}}