{"id":11274,"date":"2026-08-04T10:42:41","date_gmt":"2026-08-04T13:42:41","guid":{"rendered":"https:\/\/radiokissnoticias.com.ar\/web\/?p=11274"},"modified":"2026-08-04T10:49:30","modified_gmt":"2026-08-04T13:49:30","slug":"el-proyecto-cinematografico-creado-por-el-papa-francisco-llega-a-caa-cati-de-la-mano-de-km0","status":"publish","type":"post","link":"https:\/\/radiokissnoticias.com.ar\/web\/2026\/08\/04\/el-proyecto-cinematografico-creado-por-el-papa-francisco-llega-a-caa-cati-de-la-mano-de-km0\/","title":{"rendered":"El proyecto cinematogr\u00e1fico creado por el Papa Francisco llega a Ca\u00e1 Cat\u00ed de la mano de Km0"},"content":{"rendered":"<p>Aldeas, el proyecto internacional de cine comunitario creado por el Papa Francisco a trav\u00e9s de Scholas Occurrentes y confiado al aclamado director Martin Scorsese, llegar\u00e1 por primera vez a Argentina gracias a una alianza con Km0. Polo Cultural de los Esteros, organizaci\u00f3n con base en Ca\u00e1 Cat\u00ed (Corrientes). El acuerdo ser\u00e1 presentado oficialmente el jueves 6 de agosto, en el marco de la 12.\u00aa edici\u00f3n del Festival Regional de Cine Rural, que se desarrollar\u00e1 de 8 a 17 en la Cooperativa Textil Virgen del Rosario (Ruta Provincial N\u00b0 13, a 2 kil\u00f3metros de la rotonda de Ca\u00e1 Cat\u00ed).<\/p>\n<div>Se trata de la primera alianza formal de Aldeas con una organizaci\u00f3n cultural argentina, incorporando a Km0. Polo Cultural de los Esteros a una red internacional que impulsa proyectos audiovisuales nacidos desde las comunidades. El objetivo es promover, desde Ca\u00e1 Cat\u00ed, un movimiento cinematogr\u00e1fico y social en el que los propios pueblos sean autores y protagonistas de sus historias. Al integrarse al ecosistema global de Aldeas, las producciones realizadas en la localidad pasar\u00e1n a formar parte de una red internacional de intercambio cultural, con la posibilidad de llegar a p\u00fablicos de otros continentes y proyectar al mundo las identidades y ra\u00edces culturales del territorio.<\/div>\n<div><\/div>\n<div><b>Un cine construido desde las comunidades<\/b><\/div>\n<div><\/div>\n<div>Aldeas es un proyecto de cine comunitario creado por el Papa Francisco con el prop\u00f3sito de fomentar una cultura del encuentro, reuniendo a los pueblos perif\u00e9ricos del mundo, poniendo la c\u00e1mara en manos de la gente e impulsando un cine de \u201cde abajo hacia arriba\u201d. Por esto, m\u00e1s que un proyecto, Aldeas busca consolidar una comunidad global, un movimiento cinematogr\u00e1fico y social. Scorsese acompa\u00f1a el proyecto desde su origen, como protagonista en pantalla y productor ejecutivo del largometraje \u201cAldeas, el \u00faltimo sue\u00f1o del Papa Francisco\u201d que retrata la misi\u00f3n del movimiento, adem\u00e1s de contar con la \u00faltima entrevista de Francisco en vida. Aldeas viene trabajando con comunidades en Lombok (Indonesia), Tujereng (Gambia) y Polizzi Generosa (Italia) \u2014 el pueblo del que emigr\u00f3 la familia Scorsese\u2014, reuniendo a j\u00f3venes cineastas, comunidades enteras y reconocidos artistas locales.<\/div>\n<div><\/div>\n<div><b>El legado de Scholas Occurrentes<\/b><\/div>\n<div><\/div>\n<div>\n<div>Aldeas forma parte de Scholas Occurrentes, el movimiento educativo y cultural creado por el Papa Francisco a pocos meses de iniciar su papado con la misi\u00f3n de hacer realidad la cultura del encuentro. Francisco dec\u00eda \u201cno podemos cambiar el mundo si no cambiamos la educaci\u00f3n\u201d. Se trata de un movimiento presente en 71 pa\u00edses, que conf\u00eda en el lenguaje del arte como motor de una \u201cpedagog\u00eda del encuentro\u201d, y que re\u00fane j\u00f3venes de todas las realidades, credos y culturas, escuchando el dolor, el deseo y la pasi\u00f3n de un generaci\u00f3n que pide a gritos una nueva realidad, y generando procesos de creatividad para que esta transformaci\u00f3n comience por ellos mismos.<\/div>\n<div><\/div>\n<div><b>Km0, un polo cultural nacido en los Esteros<\/b><\/div>\n<div><\/div>\n<div>Por su parte, Km0. Polo Cultural de los Esteros es una asociaci\u00f3n civil con sede en Ca\u00e1 Cat\u00ed integrada por profesionales de distintas disciplinas que impulsa proyectos vinculados a la cultura, la educaci\u00f3n, la ciencia, el arte, el cuidado del ambiente y el turismo sostenible. Su base es un \u201crefugio de artistas\u201d construido en barro y paja ubicada en el medio del monte y a orillas del estero Santa Luc\u00eda. Desde all\u00ed, su trabajo combina naturaleza, arte y comunidad, con especial \u00e9nfasis en el protagonismo de las juventudes y el desarrollo territorial.<\/div>\n<div><\/div>\n<div>Entre sus programas y\/o proyectos se encuentran el Cine Pueblo, el Festival Regional de Cine Rural, el Polo Audiovisual, el Laboratorio Audiovisual, el Refugio de Artistas, la isla: museo vivo, y la Reserva Cultural y Natural.<\/div>\n<div><\/div>\n<div><b>Alianza y agenda de actividades<\/b><\/div>\n<div><\/div>\n<div>La alianza ser\u00e1 presentada por Teresa Leveratto, directora de Aldeas, adem\u00e1s contar\u00e1 con un espacio dentro de la programaci\u00f3n del festival rural para compartir material audiovisual sobre el proyecto.<\/div>\n<div>Durante su visita a Corrientes desarrollar\u00e1 una agenda de actividades que incluir\u00e1 reuniones con autoridades provinciales y locales, recorridos por escuelas rurales, encuentros con realizadores audiovisuales y estudiantes universitarios, adem\u00e1s de visitas al Refugio de Artistas de Km0 y a la primera Reserva Natural y Cultural de Ca\u00e1 Cat\u00ed.<\/div>\n<div><\/div>\n<div>Entre las actividades abiertas al p\u00fablico se destaca la proyecci\u00f3n de Vida entre Mundos, la primera pel\u00edcula de Aldeas Scholas Films, que registra la creaci\u00f3n de un mural de cuatro kil\u00f3metros pintado por el Papa Francisco junto a j\u00f3venes provenientes de distintos continentes. La misma tendr\u00e1 lugar, con acceso libre y gratuito, el viernes 7 de agosto a las 20hs en la plaza de Ca\u00e1 Cat\u00ed (frente a la iglesia).<\/div>\n<div>Sobre Aldeas<\/div>\n<div><\/div>\n<div>Aldeas integra cine, educaci\u00f3n, tecnolog\u00eda, comunidades remotas y una red<\/div>\n<div><\/div>\n<div>internacional en un solo ecosistema. Es un movimiento cultural global que busca generar un nuevo modo de narrar, educar y encontrarnos, en el que j\u00f3venes realizadores audiovisuales de distintos continentes trabajan junto a las comunidades para que sean ellas las autoras de sus propias historias.<\/div>\n<div><\/div>\n<div>En su centro est\u00e1 el largometraje El \u00faltimo sue\u00f1o del Papa Francisco, producido por Aldeas Scholas Films en coproducci\u00f3n con Sikelia Productions, con Martin Scorsese como protagonista en pantalla y productor ejecutivo. El film sigue a estas comunidades en su proceso de despertar creativo y contiene el \u00faltimo testimonio en c\u00e1mara del Papa Francisco, registrado poco antes de su fallecimiento. Se encuentra en etapa de postproducci\u00f3n.<\/div>\n<div>M\u00e1s informaci\u00f3n: info@aldeas.org<\/div>\n<div>Redes: IG @aldeasfilms @scholasoccurrentes<\/div>\n<div>Sobre Km0<\/div>\n<div>&#8220;Km0. Polo Cultural de los Esteros&#8221;, a trav\u00e9s de los proyectos y\/o programas que impulsa desde Ca\u00e1 Cat\u00ed \u2014Cine Pueblo, el Festival Regional de Cine Rural, el Polo Audiovisual, el Laboratorio Audiovisual, el Refugio de Artistas y la Reserva Cultural y Natural\u2014, propone una forma alternativa de cultura y arte desde una mirada descentralizada, perif\u00e9rica y propia. Un espacio de libre expresi\u00f3n y pensamiento, al servicio de una educaci\u00f3n transformadora a trav\u00e9s del cine, el arte, la comunidad y las juventudes.<\/div>\n<div><\/div>\n<div>M\u00e1s informaci\u00f3n: km0poloculturaldelosesteros@gmail.com<\/div>\n<div>Redes: IG @km0poloculturaldelosesteros<\/div>\n<div>Contacto de prensa<\/div>\n<div>Aldeas: Camila Gomez Zelijoski \u00b7 camila@aldeas.org<\/div>\n<div>Km0: Sebasti\u00e1n Toba +54 9 379 4 778551<\/div>\n<\/div>\n","protected":false},"excerpt":{"rendered":"<p>Aldeas, el proyecto internacional de cine comunitario creado por el Papa Francisco a trav\u00e9s de Scholas Occurrentes y confiado al aclamado director Martin Scorsese, llegar\u00e1 por primera vez a Argentina gracias a una alianza con Km0. Polo Cultural de los Esteros, organizaci\u00f3n con base en Ca\u00e1 Cat\u00ed (Corrientes). El acuerdo ser\u00e1 presentado oficialmente el jueves [&hellip;]<\/p>\n","protected":false},"author":2,"featured_media":11277,"comment_status":"open","ping_status":"open","sticky":false,"template":"","format":"standard","meta":{"footnotes":""},"categories":[80],"tags":[],"class_list":["post-11274","post","type-post","status-publish","format-standard","has-post-thumbnail","category-interes-general"],"_links":{"self":[{"href":"https:\/\/radiokissnoticias.com.ar\/web\/wp-json\/wp\/v2\/posts\/11274","targetHints":{"allow":["GET"]}}],"collection":[{"href":"https:\/\/radiokissnoticias.com.ar\/web\/wp-json\/wp\/v2\/posts"}],"about":[{"href":"https:\/\/radiokissnoticias.com.ar\/web\/wp-json\/wp\/v2\/types\/post"}],"author":[{"embeddable":true,"href":"https:\/\/radiokissnoticias.com.ar\/web\/wp-json\/wp\/v2\/users\/2"}],"replies":[{"embeddable":true,"href":"https:\/\/radiokissnoticias.com.ar\/web\/wp-json\/wp\/v2\/comments?post=11274"}],"version-history":[{"count":1,"href":"https:\/\/radiokissnoticias.com.ar\/web\/wp-json\/wp\/v2\/posts\/11274\/revisions"}],"predecessor-version":[{"id":11276,"href":"https:\/\/radiokissnoticias.com.ar\/web\/wp-json\/wp\/v2\/posts\/11274\/revisions\/11276"}],"wp:featuredmedia":[{"embeddable":true,"href":"https:\/\/radiokissnoticias.com.ar\/web\/wp-json\/wp\/v2\/media\/11277"}],"wp:attachment":[{"href":"https:\/\/radiokissnoticias.com.ar\/web\/wp-json\/wp\/v2\/media?parent=11274"}],"wp:term":[{"taxonomy":"category","embeddable":true,"href":"https:\/\/radiokissnoticias.com.ar\/web\/wp-json\/wp\/v2\/categories?post=11274"},{"taxonomy":"post_tag","embeddable":true,"href":"https:\/\/radiokissnoticias.com.ar\/web\/wp-json\/wp\/v2\/tags?post=11274"}],"curies":[{"name":"wp","href":"https:\/\/api.w.org\/{rel}","templated":true}]}}