{"id":11270,"date":"2026-08-03T20:38:25","date_gmt":"2026-08-03T23:38:25","guid":{"rendered":"https:\/\/radiokissnoticias.com.ar\/web\/?p=11270"},"modified":"2026-08-03T20:38:25","modified_gmt":"2026-08-03T23:38:25","slug":"todos-por-emy-la-causa-solidaria-que-promueve-el-ganador-de-la-backyard-ultra-goya-un-pedido-que-busca-llegar-lejos","status":"publish","type":"post","link":"https:\/\/radiokissnoticias.com.ar\/web\/2026\/08\/03\/todos-por-emy-la-causa-solidaria-que-promueve-el-ganador-de-la-backyard-ultra-goya-un-pedido-que-busca-llegar-lejos\/","title":{"rendered":"\u201cTodos por Emy\u201d la causa solidaria que promueve el ganador de la Backyard Ultra Goya: un pedido que busca llegar lejos"},"content":{"rendered":"<p>Hay historias que conmueven y trascienden por el desaf\u00edo que representa en lo cotidiano. La de Emily es una de ellas, y Gast\u00f3n Gennai, el maratonista solidario, ganador de la competencia en Goya, dio a conocer su causa manifestando \u201ceste fin de semana corro por Emy\u201d. Porque detr\u00e1s de una medalla hay esfuerzo, sacrificio y una lucha que va m\u00e1s all\u00e1 de lo deportivo: Promover la causa de Emily con amor y esperanza. Conoc\u00e9 la historia completa y c\u00f3mo ayudar.<\/p>\n<p style=\"font-weight: 400;\">Gast\u00f3n, que al finalizar la competencia pidi\u00f3 un aplauso por la causa, y adem\u00e1s record\u00f3 a todos los que esperaban en la l\u00ednea de meta que ese era su motivo por el cual corri\u00f3 este fin de semana. Cabe destacar que el atleta decidi\u00f3 promover la causa, comentando a todos los que deseen acompa\u00f1ar, que \u201cEmily naci\u00f3 con una enfermedad gen\u00e9tica extremadamente rara. En todo el mundo existen apenas\u00a012 casos conocidos, una realidad que convierte cada control m\u00e9dico, cada estudio y cada tratamiento en un verdadero desaf\u00edo.\u201d<\/p>\n<p style=\"font-weight: 400;\">En la difusi\u00f3n de sus videos y entrevistas el maratonista explic\u00f3 adem\u00e1s que \u201cSus abuelos,\u00a0Germ\u00e1n y Sonia, son parte fundamental de esa lucha. Desde la llegada de Emily a sus vidas no han dejado de hacer todo lo que est\u00e1 a su alcance para garantizarle la atenci\u00f3n que necesita. Sin embargo, el camino implica constantes viajes, consultas con especialistas y una log\u00edstica que demanda importantes recursos.\u201d<\/p>\n<p style=\"font-weight: 400;\">Hoy la familia atraviesa una necesidad urgente:\u00a0conseguir un veh\u00edculo que permita trasladar a Emily a los diferentes controles y tratamientos m\u00e9dicos\u00a0que requiere su condici\u00f3n.<\/p>\n<p style=\"font-weight: 400;\">Seg\u00fan Gennai, en el contacto con la familia, conoci\u00f3 m\u00e1s sobre la campa\u00f1a y explic\u00f3 que \u201ccon ese objetivo iniciaron una campa\u00f1a solidaria que busca llegar a la mayor cantidad de personas posible. Saben que no todos pueden colaborar econ\u00f3micamente, pero tambi\u00e9n entienden que un simple gesto, como compartir su historia, puede abrir puertas inesperadas.\u201d<\/p>\n<p style=\"font-weight: 400;\"><strong>\u00bfC\u00f3mo pod\u00e9s colaborar?<\/strong><\/p>\n<p style=\"font-weight: 400;\">Quienes deseen realizar un aporte econ\u00f3mico pueden hacerlo mediante una transferencia al siguiente alias:<\/p>\n<p style=\"font-weight: 400;\"><strong>Alias:<\/strong>\u00a0JUNTOSPOREMY<br \/>\n<strong>Titular:<\/strong>\u00a0Sonia Johanna Luna.<\/p>\n<p style=\"font-weight: 400;\">Adem\u00e1s, la familia solicita la colaboraci\u00f3n de quienes tengan contacto con concesionarias, empresas o personas que puedan realizar la donaci\u00f3n de un veh\u00edculo o contribuir para hacerlo posible.<\/p>\n<p style=\"font-weight: 400;\">Y para quienes hoy no puedan realizar una donaci\u00f3n, existe otra forma muy valiosa de ayudar:\u00a0compartir esta historia. Nunca se sabe qui\u00e9n puede leerla, conocer a alguien dispuesto a tender una mano o convertirse en la ayuda que Emily y su familia tanto necesitan.<\/p>\n<p style=\"font-weight: 400;\">Porque cuando una comunidad se une detr\u00e1s de una causa, la solidaridad tambi\u00e9n puede convertirse en esperanza.<\/p>\n","protected":false},"excerpt":{"rendered":"<p>Hay historias que conmueven y trascienden por el desaf\u00edo que representa en lo cotidiano. La de Emily es una de ellas, y Gast\u00f3n Gennai, el maratonista solidario, ganador de la competencia en Goya, dio a conocer su causa manifestando \u201ceste fin de semana corro por Emy\u201d. Porque detr\u00e1s de una medalla hay esfuerzo, sacrificio y [&hellip;]<\/p>\n","protected":false},"author":2,"featured_media":11271,"comment_status":"open","ping_status":"open","sticky":false,"template":"","format":"standard","meta":{"footnotes":""},"categories":[80],"tags":[],"class_list":["post-11270","post","type-post","status-publish","format-standard","has-post-thumbnail","category-interes-general"],"_links":{"self":[{"href":"https:\/\/radiokissnoticias.com.ar\/web\/wp-json\/wp\/v2\/posts\/11270","targetHints":{"allow":["GET"]}}],"collection":[{"href":"https:\/\/radiokissnoticias.com.ar\/web\/wp-json\/wp\/v2\/posts"}],"about":[{"href":"https:\/\/radiokissnoticias.com.ar\/web\/wp-json\/wp\/v2\/types\/post"}],"author":[{"embeddable":true,"href":"https:\/\/radiokissnoticias.com.ar\/web\/wp-json\/wp\/v2\/users\/2"}],"replies":[{"embeddable":true,"href":"https:\/\/radiokissnoticias.com.ar\/web\/wp-json\/wp\/v2\/comments?post=11270"}],"version-history":[{"count":1,"href":"https:\/\/radiokissnoticias.com.ar\/web\/wp-json\/wp\/v2\/posts\/11270\/revisions"}],"predecessor-version":[{"id":11272,"href":"https:\/\/radiokissnoticias.com.ar\/web\/wp-json\/wp\/v2\/posts\/11270\/revisions\/11272"}],"wp:featuredmedia":[{"embeddable":true,"href":"https:\/\/radiokissnoticias.com.ar\/web\/wp-json\/wp\/v2\/media\/11271"}],"wp:attachment":[{"href":"https:\/\/radiokissnoticias.com.ar\/web\/wp-json\/wp\/v2\/media?parent=11270"}],"wp:term":[{"taxonomy":"category","embeddable":true,"href":"https:\/\/radiokissnoticias.com.ar\/web\/wp-json\/wp\/v2\/categories?post=11270"},{"taxonomy":"post_tag","embeddable":true,"href":"https:\/\/radiokissnoticias.com.ar\/web\/wp-json\/wp\/v2\/tags?post=11270"}],"curies":[{"name":"wp","href":"https:\/\/api.w.org\/{rel}","templated":true}]}}