{"id":11267,"date":"2026-08-03T20:35:31","date_gmt":"2026-08-03T23:35:31","guid":{"rendered":"https:\/\/radiokissnoticias.com.ar\/web\/?p=11267"},"modified":"2026-08-03T20:35:31","modified_gmt":"2026-08-03T23:35:31","slug":"gaston-gennai-ganador-de-la-backyard-goya-descubri-que-el-verdadero-desafio-no-es-ganar-una-carrera-sino-correr-con-un-proposito","status":"publish","type":"post","link":"https:\/\/radiokissnoticias.com.ar\/web\/2026\/08\/03\/gaston-gennai-ganador-de-la-backyard-goya-descubri-que-el-verdadero-desafio-no-es-ganar-una-carrera-sino-correr-con-un-proposito\/","title":{"rendered":"Gast\u00f3n Gennai, ganador de la Backyard Goya: &#8220;Descubr\u00ed que el verdadero desaf\u00edo no es ganar una carrera, sino correr con un prop\u00f3sito&#8221;"},"content":{"rendered":"<p>El ultramaratonista solidario platense, Gast\u00f3n Gennai, ganador de la primera edici\u00f3n de la competencia de resistencia, \u201cBackyard Ultra\u201d disputada en Goya, asegur\u00f3 que la experiencia vivida en la ciudad \u201cquedar\u00e1 marcada para siempre\u201d por el clima de la competencia, el acompa\u00f1amiento del p\u00fablico y, sobre todo, por el prop\u00f3sito solidario que impuls\u00f3 cada uno de sus kil\u00f3metros.<\/p>\n<p style=\"font-weight: 400;\">Tras completar 180 kil\u00f3metros en 27 horas, Gast\u00f3n destac\u00f3 la organizaci\u00f3n del evento y la calidez de los goyanos. \u201cLa experiencia fue incre\u00edble. Me sorprendi\u00f3 la ciudad, la tranquilidad, la gente alentando durante todo el recorrido. Se vivi\u00f3 una verdadera fiesta\u201d, expres\u00f3.<\/p>\n<p style=\"font-weight: 400;\">La \u201cBackyard Ultra\u201d es una modalidad distinta a cualquier otra carrera. Los corredores deben completar un circuito de 6,7 kil\u00f3metros en menos de una hora y volver a largar cuando suena la campana. El proceso se repite hasta que queda un solo competidor en pie.<\/p>\n<p style=\"font-weight: 400;\">En Goya, Gennai fue el \u00faltimo corredor en mantenerse en competencia luego de 27 horas ininterrumpidas.<\/p>\n<p style=\"font-weight: 400;\">\u201cEl formato tiene algo muy especial: uno sabe cu\u00e1ndo empieza la carrera, pero nunca cu\u00e1ndo termina. Todo depende de los dem\u00e1s corredores. El descanso es cada vez menor y la administraci\u00f3n de las energ\u00edas pasa a ser fundamental\u201d, explic\u00f3.<\/p>\n<p style=\"font-weight: 400;\"><strong>\u00a0<\/strong><\/p>\n<p style=\"font-weight: 400;\">\u2014\u00a0\u00a0\u00a0\u00a0\u00a0\u00a0<strong>\u00bfC\u00f3mo fue la experiencia de compartir este fin de semana con tantos atletas y competidores en Goya?<\/strong><\/p>\n<p style=\"font-weight: 400;\"><strong>Gast\u00f3n Gennai:<\/strong>\u00a0La experiencia fue incre\u00edble. Realmente me fui sorprendido por la ciudad. Es muy tranquila y la gente fue espectacular. En todo momento recibimos palabras de aliento. Pasar por la Costanera y ver a tanta gente acompa\u00f1ando fue algo muy lindo.<\/p>\n<p style=\"font-weight: 400;\">Participaron alrededor de 88 corredores de distintas partes del pa\u00eds, adem\u00e1s de muchos atletas de Goya. Algunos ven\u00edan con el objetivo de correr tres horas, otros seis, doce, y algunos busc\u00e1bamos simplemente superar nuestros propios l\u00edmites.<\/p>\n<p style=\"font-weight: 400;\">La organizaci\u00f3n fue excelente. El lugar elegido ten\u00eda todas las comodidades: un espacio muy bien preparado, ba\u00f1os, conexi\u00f3n a internet y todo lo necesario para los corredores. Realmente se vivi\u00f3 una fiesta. Es una carrera que va a quedar marcada para siempre en mi vida.<\/p>\n<p style=\"font-weight: 400;\">\n<p style=\"font-weight: 400;\">\u2014\u00a0\u00a0\u00a0\u00a0\u00a0\u00a0<strong>\u00bfPor qu\u00e9 dec\u00eds que va a quedar marcada para siempre?<\/strong><\/p>\n<p style=\"font-weight: 400;\"><strong>Gast\u00f3n Gennai:<\/strong>\u00a0Porque en cada carrera uno aprende algo nuevo. Yo no corro solamente por m\u00ed; corro tambi\u00e9n por causas sociales y para honrar a Dios en cada desaf\u00edo.<\/p>\n<p style=\"font-weight: 400;\">En esta oportunidad corr\u00ed por Emi, una chica que tiene una enfermedad gen\u00e9tica muy poco frecuente. Durante la carrera hubo much\u00edsimo calor, humedad y hasta llovizna. Todo el tiempo hab\u00eda obst\u00e1culos para superar.<\/p>\n<p style=\"font-weight: 400;\">Tambi\u00e9n tuve el apoyo de una amiga de Goya y de sus hijos, que me asistieron durante toda la competencia. Mientras corr\u00eda pensaba en Emi, en que los m\u00e9dicos le hab\u00edan dado apenas tres meses de vida y ya lleva m\u00e1s de un a\u00f1o luchando. Poder visibilizar su historia me dio fuerzas para seguir cuando la mente quer\u00eda detenerse.<\/p>\n<p><img loading=\"lazy\" decoding=\"async\" class=\"\" src=\"https:\/\/www.powernoticias.com\/images\/202608032253272176\" width=\"615\" height=\"410\" \/><\/p>\n<p style=\"font-weight: 400;\">\u2014\u00a0\u00a0\u00a0\u00a0\u00a0\u00a0<strong>Has competido en monta\u00f1a y en distintos escenarios del pa\u00eds. \u00bfQu\u00e9 tuvo de especial el circuito de Goya?<\/strong><\/p>\n<p style=\"font-weight: 400;\"><strong>Gast\u00f3n Gennai:<\/strong>\u00a0Lo m\u00e1s desafiante fue el clima. Ven\u00eda de competir en Santa Fe con temperaturas muy bajas y ac\u00e1 me encontr\u00e9 con mucho calor y humedad. Incluso llegu\u00e9 un poco resfriado por el cambio de temperatura.<\/p>\n<p style=\"font-weight: 400;\">Tuve que cambiar ocho o nueve remeras durante la carrera para evitar las paspaduras por la humedad.<\/p>\n<p style=\"font-weight: 400;\">El circuito me pareci\u00f3 espectacular porque ten\u00eda de todo. Hab\u00eda sectores muy tranquilos y otros donde la gente alentaba permanentemente. Yo sab\u00eda que cuando llegaba a determinados lugares siempre iba a encontrar personas esper\u00e1ndome para dar \u00e1nimo, y eso ayuda much\u00edsimo.<\/p>\n<p style=\"font-weight: 400;\">\n<p style=\"font-weight: 400;\">\u2014\u00a0\u00a0\u00a0\u00a0\u00a0\u00a0<strong>Para quienes no conocen esta disciplina, \u00bfc\u00f3mo funciona una Backyard Ultra?<\/strong><\/p>\n<p style=\"font-weight: 400;\"><strong>Gast\u00f3n Gennai:<\/strong>\u00a0La carrera dur\u00f3 27 horas y recorr\u00ed 180 kil\u00f3metros.<\/p>\n<p style=\"font-weight: 400;\">El formato naci\u00f3 en Estados Unidos. Consiste en completar un circuito de 6,7 kil\u00f3metros en menos de una hora. Si lleg\u00e1s antes, descans\u00e1s el tiempo que te sobra y, cuando vuelve a sonar la campana, ten\u00e9s que largar otra vez.<\/p>\n<p style=\"font-weight: 400;\">Eso se repite hasta que queda un solo corredor.<\/p>\n<p style=\"font-weight: 400;\">Lo interesante es que uno sabe cu\u00e1ndo empieza la carrera, pero nunca cu\u00e1ndo termina. Puede durar ocho horas, doce, treinta y seis o mucho m\u00e1s. Todo depende de los corredores que sigan en competencia. De hecho, el Mundial lleg\u00f3 a durar siete d\u00edas.<\/p>\n<p style=\"font-weight: 400;\">\n<p style=\"font-weight: 400;\">\u2014\u00a0\u00a0\u00a0\u00a0\u00a0\u00a0<strong>\u00bfC\u00f3mo se administran el descanso y las energ\u00edas durante tantas horas?<\/strong><\/p>\n<p style=\"font-weight: 400;\"><strong>Gast\u00f3n Gennai:<\/strong>\u00a0A medida que pasan las horas vas tardando m\u00e1s en completar cada vuelta, entonces el tiempo de descanso es cada vez menor.<\/p>\n<p style=\"font-weight: 400;\">Hay que administrar muy bien la energ\u00eda, la alimentaci\u00f3n, la hidrataci\u00f3n y cada minuto que ten\u00e9s disponible.<\/p>\n<p style=\"font-weight: 400;\">Adem\u00e1s, depend\u00e9s de los otros corredores, porque la competencia termina solamente cuando queda uno solo en pie.<\/p>\n<p><img loading=\"lazy\" decoding=\"async\" class=\"\" src=\"https:\/\/www.powernoticias.com\/images\/202608032254528776\" width=\"662\" height=\"441\" \/><\/p>\n<p style=\"font-weight: 400;\">\u2014\u00a0\u00a0\u00a0\u00a0\u00a0\u00a0<strong>Las im\u00e1genes de tu llegada fueron muy emotivas. \u00bfSent\u00eds que hay algo mucho m\u00e1s importante que el resultado deportivo?<\/strong><\/p>\n<p style=\"font-weight: 400;\"><strong>Gast\u00f3n Gennai:<\/strong>\u00a0Totalmente.<\/p>\n<p style=\"font-weight: 400;\">Durante muchos a\u00f1os corr\u00ed por mi ego, buscando hacer m\u00e1s kil\u00f3metros o mejores tiempos. Pero eso no me llenaba.<\/p>\n<p style=\"font-weight: 400;\">Hace unos cuatro a\u00f1os hice una carrera para honrar a dos chicas con enfermedades terminales y ah\u00ed entend\u00ed que ese era mi verdadero prop\u00f3sito.<\/p>\n<p style=\"font-weight: 400;\">Desde entonces todas mis carreras tienen un sentido mucho m\u00e1s profundo.<\/p>\n<p style=\"font-weight: 400;\">En la Backyard uno termina compitiendo contra uno mismo. Con Manu, que fue quien qued\u00f3 conmigo hasta el final, hicimos la \u00faltima vuelta abrazados. Eso no suele verse en otras competencias. Esos momentos son los que realmente quedan para toda la vida.<\/p>\n<p style=\"font-weight: 400;\">Tambi\u00e9n hubo un momento muy emotivo cuando un chico cont\u00f3 que no estaba atravesando un buen momento y pudimos darle una palabra de aliento. Todo eso vale mucho m\u00e1s que una medalla. Aprend\u00ed que hay que disfrutar el proceso y no solamente obsesionarse con el resultado.<\/p>\n<p style=\"font-weight: 400;\">\u2014\u00a0\u00a0\u00a0\u00a0\u00a0\u00a0<strong>En esta oportunidad corriste por Emi. \u00bfC\u00f3mo conociste su historia?<\/strong><\/p>\n<p style=\"font-weight: 400;\"><strong>Gast\u00f3n Gennai:<\/strong>\u00a0Antes de venir a Goya estuve cuatro d\u00edas en un campamento en Las Bre\u00f1as, Chaco, donde compart\u00ed con m\u00e1s de 350 j\u00f3venes. All\u00ed conoc\u00ed a la mam\u00e1 y a los abuelos de Emi, y tambi\u00e9n pude conocerla personalmente.<\/p>\n<p style=\"font-weight: 400;\">Ellos me contaron que Emi tiene una enfermedad gen\u00e9tica extremadamente rara. Hay apenas doce casos registrados en todo el mundo.<\/p>\n<p style=\"font-weight: 400;\">Necesitan trasladarla constantemente para estudios y tratamientos, pero no cuentan con un veh\u00edculo propio. Viajar en colectivo es muy complicado porque su sistema inmunol\u00f3gico es muy delicado. La campa\u00f1a busca conseguir un auto usado para facilitar esos traslados.<\/p>\n<p style=\"font-weight: 400;\">Empec\u00e9 a difundir su historia en mis redes sociales porque muchas veces compartir tambi\u00e9n es una forma de ayudar. Lo importante es que la historia llegue a la persona indicada.<\/p>\n<p><img loading=\"lazy\" decoding=\"async\" class=\"\" src=\"https:\/\/www.powernoticias.com\/images\/202608032252231006\" width=\"623\" height=\"416\" \/><\/p>\n<p style=\"font-weight: 400;\">\u2014\u00a0\u00a0\u00a0\u00a0\u00a0\u00a0<strong>\u00bfQu\u00e9 tiene de especial esta modalidad de competencia?<\/strong><\/p>\n<p style=\"font-weight: 400;\"><strong>Gast\u00f3n Gennai:<\/strong>\u00a0Tiene algo muy lindo: depend\u00e9s de otro corredor para poder superarte.<\/p>\n<p style=\"font-weight: 400;\">Si yo quiero batir mi r\u00e9cord personal necesito correr con atletas que tambi\u00e9n puedan sostener muchas horas de competencia.<\/p>\n<p style=\"font-weight: 400;\">Adem\u00e1s, cada corredor arma su propio &#8220;patio&#8221;. Lleva su mesa, su silla, algunos hasta colchones. Y el asistente cumple un rol fundamental. Es quien te prepara la comida, la ropa, est\u00e1 atento a cada necesidad. Te dir\u00eda que representa casi el 40% del rendimiento durante una carrera de este tipo.<\/p>\n<p style=\"font-weight: 400;\">\n<p style=\"font-weight: 400;\">\n<p style=\"font-weight: 400;\">\u2014\u00a0\u00a0\u00a0\u00a0\u00a0\u00a0<strong>Tambi\u00e9n hubo muy buenas actuaciones de los corredores goyanos.<\/strong><\/p>\n<p style=\"font-weight: 400;\"><strong>Gast\u00f3n Gennai:<\/strong>\u00a0S\u00ed, quiero felicitarlos porque hicieron una gran carrera.<\/p>\n<p style=\"font-weight: 400;\">El ganador entre los goyanos complet\u00f3 20 vueltas y el segundo 19.<\/p>\n<p style=\"font-weight: 400;\">Para ser la primera edici\u00f3n en la ciudad fue un nivel muy bueno y estoy seguro de que esta competencia va a seguir creciendo.<\/p>\n<p style=\"font-weight: 400;\">\n<p style=\"font-weight: 400;\">\u2014\u00a0\u00a0\u00a0\u00a0\u00a0\u00a0<strong>\u00bfQu\u00e9 se viene ahora en tu agenda?<\/strong><\/p>\n<p style=\"font-weight: 400;\"><strong>Gast\u00f3n Gennai:<\/strong>\u00a0Este pr\u00f3ximo s\u00e1bado voy a correr en Adrogu\u00e9, donde se realizar\u00e1 una Backyard que servir\u00e1 como preparaci\u00f3n para el Mundial de octubre.<\/p>\n<p style=\"font-weight: 400;\">Despu\u00e9s tambi\u00e9n estar\u00e1 la Backyard de La Plata y, adem\u00e1s, junto a Cristian &#8220;El Vikingo&#8221; queremos organizar un desaf\u00edo muy especial: unir corriendo Goya con el puente General Belgrano. Le di mi palabra de que voy a acompa\u00f1arlo en ese proyecto.<\/p>\n<p><img loading=\"lazy\" decoding=\"async\" class=\"\" src=\"https:\/\/www.powernoticias.com\/images\/202608032254155767\" width=\"620\" height=\"413\" \/><\/p>\n<p style=\"font-weight: 400;\">\u2014\u00a0\u00a0\u00a0\u00a0\u00a0\u00a0<strong>Ese desaf\u00edo tambi\u00e9n busca generar conciencia sobre la salud mental.<\/strong><\/p>\n<p style=\"font-weight: 400;\"><strong>Gast\u00f3n Gennai:<\/strong>\u00a0S\u00ed.<\/p>\n<p style=\"font-weight: 400;\">Queremos llevar un mensaje de esperanza y acompa\u00f1ar a las personas que est\u00e9n atravesando momentos dif\u00edciles. Todos vivimos situaciones complicadas alguna vez y creemos que el deporte tambi\u00e9n puede ser una herramienta para ayudar y transmitir fe y esperanza.<\/p>\n<p style=\"font-weight: 400;\">\n<p style=\"font-weight: 400;\">\u2014\u00a0\u00a0\u00a0\u00a0\u00a0\u00a0<strong>Por \u00faltimo, muchos se preguntaban qu\u00e9 escuch\u00e1s durante tantas horas de carrera.<\/strong><\/p>\n<p style=\"font-weight: 400;\"><strong>Gast\u00f3n Gennai:<\/strong>\u00a0Escucho m\u00fasica cristiana. Tengo una lista de reproducci\u00f3n de unas 50 horas y voy cantando mientras corro. Esa es mi fuerza. Voy alabando a Dios durante toda la carrera y eso me ayuda much\u00edsimo a mantenerme enfocado durante tantas horas.<\/p>\n","protected":false},"excerpt":{"rendered":"<p>El ultramaratonista solidario platense, Gast\u00f3n Gennai, ganador de la primera edici\u00f3n de la competencia de resistencia, \u201cBackyard Ultra\u201d disputada en Goya, asegur\u00f3 que la experiencia vivida en la ciudad \u201cquedar\u00e1 marcada para siempre\u201d por el clima de la competencia, el acompa\u00f1amiento del p\u00fablico y, sobre todo, por el prop\u00f3sito solidario que impuls\u00f3 cada uno de [&hellip;]<\/p>\n","protected":false},"author":2,"featured_media":11268,"comment_status":"open","ping_status":"open","sticky":false,"template":"","format":"standard","meta":{"footnotes":""},"categories":[83],"tags":[],"class_list":["post-11267","post","type-post","status-publish","format-standard","has-post-thumbnail","category-deporte"],"_links":{"self":[{"href":"https:\/\/radiokissnoticias.com.ar\/web\/wp-json\/wp\/v2\/posts\/11267","targetHints":{"allow":["GET"]}}],"collection":[{"href":"https:\/\/radiokissnoticias.com.ar\/web\/wp-json\/wp\/v2\/posts"}],"about":[{"href":"https:\/\/radiokissnoticias.com.ar\/web\/wp-json\/wp\/v2\/types\/post"}],"author":[{"embeddable":true,"href":"https:\/\/radiokissnoticias.com.ar\/web\/wp-json\/wp\/v2\/users\/2"}],"replies":[{"embeddable":true,"href":"https:\/\/radiokissnoticias.com.ar\/web\/wp-json\/wp\/v2\/comments?post=11267"}],"version-history":[{"count":1,"href":"https:\/\/radiokissnoticias.com.ar\/web\/wp-json\/wp\/v2\/posts\/11267\/revisions"}],"predecessor-version":[{"id":11269,"href":"https:\/\/radiokissnoticias.com.ar\/web\/wp-json\/wp\/v2\/posts\/11267\/revisions\/11269"}],"wp:featuredmedia":[{"embeddable":true,"href":"https:\/\/radiokissnoticias.com.ar\/web\/wp-json\/wp\/v2\/media\/11268"}],"wp:attachment":[{"href":"https:\/\/radiokissnoticias.com.ar\/web\/wp-json\/wp\/v2\/media?parent=11267"}],"wp:term":[{"taxonomy":"category","embeddable":true,"href":"https:\/\/radiokissnoticias.com.ar\/web\/wp-json\/wp\/v2\/categories?post=11267"},{"taxonomy":"post_tag","embeddable":true,"href":"https:\/\/radiokissnoticias.com.ar\/web\/wp-json\/wp\/v2\/tags?post=11267"}],"curies":[{"name":"wp","href":"https:\/\/api.w.org\/{rel}","templated":true}]}}