{"id":11264,"date":"2026-08-03T20:30:46","date_gmt":"2026-08-03T23:30:46","guid":{"rendered":"https:\/\/radiokissnoticias.com.ar\/web\/?p=11264"},"modified":"2026-08-03T20:30:46","modified_gmt":"2026-08-03T23:30:46","slug":"el-concejo-deliberante-designo-a-dos-concejales-para-integrar-el-coe","status":"publish","type":"post","link":"https:\/\/radiokissnoticias.com.ar\/web\/2026\/08\/03\/el-concejo-deliberante-designo-a-dos-concejales-para-integrar-el-coe\/","title":{"rendered":"El Concejo Deliberante design\u00f3 a dos concejales para integrar el COE"},"content":{"rendered":"<p>En una sesi\u00f3n Especial convocada este lunes, el Concejo Deliberante de Goya aprob\u00f3, por mayor\u00eda, la propuesta de designar a los vicepresidentes 1\u00b0 y 2\u00b0 del HCD, para conformar el Comit\u00e9 Operativo de Emergencia (COE). La minor\u00eda plante\u00f3 que la representaci\u00f3n en el citado organismo municipal que coordinar\u00e1 las acciones a ejecutarse ante la contingencia que pudiera ocasionar el fen\u00f3meno climatol\u00f3gico \u201cEl Ni\u00f1o\u201d, sea compartida entre oficialismo y oposici\u00f3n.<\/p>\n<div>La sesi\u00f3n Especial, la primera de este a\u00f1o, fue presidida por el titular del Cuerpo Deliberativo, el Viceintendente Municipal Sebasti\u00e1n Mart\u00edn Mazzaro.<\/div>\n<div><\/div>\n<div>En el inicio de la misma, la concejal Bel\u00e9n Gogga, justific\u00f3 la ausencia de su par Marcos Gonz\u00e1lez quien \u201cpor motivos particulares\u201d no pudo participar de la sesi\u00f3n. Tras lo cual, el secretario del Concejo Deliberante, doctor Edgardo David Mart\u00ednez, dio lectura al Orden del Dia, que ten\u00eda como \u00fanico tema, la \u201cdesignaci\u00f3n de dos concejales para conformar en el Comit\u00e9 Operativo de Emergencia (COE)\u201d.<\/div>\n<div><\/div>\n<div><i><b>Concejal Quir\u00f3z<\/b><\/i><\/div>\n<p>&nbsp;<\/p>\n<div>Pidi\u00f3 la palabra entonces la concejal Susana Quiroz.<\/div>\n<div><\/div>\n<div>La edil de la UCR propuso que dicha representaci\u00f3n sea ejercida por las autoridades del Cuerpo.<\/div>\n<div><\/div>\n<div>\u201cVoy a proponer que los dos presidentes, el vicepresidente primero, doctor Marcelo Frattini, y la vicepresidente segunda, doctora Vivian Merlo, sean los responsables que nos representen, ya que ellos son los que nos representan de este Cuerpo legislativo\u201d, sostuvo la legisladora comunal.<\/div>\n<div><\/div>\n<div><i><b>Concejal Calvi<\/b><\/i><\/div>\n<p>&nbsp;<\/p>\n<div>Desde su banca, la concejal Valeria Calvi (UCR disidente), al hacer uso de la palabra pregunt\u00f3 al presidente del HCD si exist\u00eda alguna resoluci\u00f3n dictada por el Ejecutivo Municipal mediante la cual se crea el Comit\u00e9 Operativo de Emergencia (COE).<\/div>\n<div><\/div>\n<div>Indic\u00f3 que hab\u00eda participado en la reuni\u00f3n realizada en Casa del Bicentenario la semana pasada donde se anunci\u00f3 que se iba a crear el COE y que la requisitoria era \u201cpara que el acto que vamos a realizar en este momento tenga la legitimidad, y transparencia que corresponde\u201d.<\/div>\n<div><\/div>\n<div>El presidente del Concejo Deliberante, le respondi\u00f3 que hasta la fecha \u201cno existe resoluci\u00f3n del DEM\u201d (sobre la conformaci\u00f3n del COE). Y acot\u00f3 \u201ccreo que el paso previo es saber qui\u00e9nes las van a integrar\u201d.<\/div>\n<div><\/div>\n<div>Record\u00f3 el contador Mazzaro que en la citada reuni\u00f3n \u201cse habl\u00f3 de que habr\u00eda un representante del Concejo y en esta sesi\u00f3n se estar\u00edan eligiendo los representantes del Concejo\u201d<\/div>\n<div><\/div>\n<div><i><b>Concejal Blanco<\/b><\/i><\/div>\n<div><\/div>\n<div>Intervino a continuaci\u00f3n el concejal Emanuel Blanco.<\/div>\n<div><\/div>\n<div>El edil del bloque \u201cVamos Peronistas\u201d record\u00f3 que existi\u00f3 una invitaci\u00f3n formal para todos los concejales, la mayor\u00eda de los cuales asisti\u00f3 y durante la misma el Ejecutivo inform\u00f3 c\u00f3mo va a estar conformado el COE.<\/div>\n<div><\/div>\n<div>Remarc\u00f3 que all\u00ed se estableci\u00f3 la participaci\u00f3n del Concejo Deliberante de manera p\u00fablica y que \u201cno es necesario que exista una resoluci\u00f3n previa ya que es un hecho p\u00fablico.<\/div>\n<div><\/div>\n<div>O sea, esa resoluci\u00f3n va a existir una vez que cada una de las instituciones env\u00ede al Ejecutivo quienes son sus representantes al COE.<\/div>\n<div><\/div>\n<div>Y esta sesi\u00f3n es para eso, o sea, para empezar a dar forma a esa resoluci\u00f3n de la conformaci\u00f3n del COE\u201d, subray\u00f3 el edil del oficialismo.<\/div>\n<div><\/div>\n<div><i><b>Concejal Calvi<\/b><\/i><\/div>\n<div><\/div>\n<div>Calvi volvi\u00f3 a tomar la palabra y dijo entender la posici\u00f3n de Blanco. Pero en su opini\u00f3n \u201cesto es a la inversa, se crea primero normativamente, sea por un decreto, qui\u00e9nes van a integrar el COE\u201d. Sostuvo que en la reuni\u00f3n con sus pares el pasado viernes \u201csimplemente se nos ha informado a la minor\u00eda c\u00f3mo va a estar representado el HCD en el COE\u201d.<\/div>\n<div><\/div>\n<div>La edil que forma parte \u201cde la minor\u00eda\u201d como defini\u00f3, en el Concejo, consider\u00f3 que la propuesta que se les comunic\u00f3 el viernes, que \u201ces la misma\u201d que fue explicitada por la concejal Quiroz, \u201cno representa lo que es institucionalmente este Concejo Deliberante, no hay una participaci\u00f3n plural. Este Concejo implica que representamos a la ciudadan\u00eda toda, cada banca representa a la ciudadan\u00eda, no a un concejal, no a un partido pol\u00edtico y sin lugar a dudas en una situaci\u00f3n de emergencia es donde nosotros debemos demostrar y despojarnos de todo tipo de cuesti\u00f3n pol\u00edtica, donde no debe haber oficialistas, sino representaci\u00f3n de mayor\u00eda y minor\u00eda. Nosotros tenemos y debemos respetar la institucionalidad, la democracia del Cuerpo y espec\u00edficamente la transparencia. No lo estamos haciendo, se\u00f1or presidente, al considerar que porque hay dos autoridades deben ser ellas las que representan\u201d, plante\u00f3 Valeria Calvi.<\/div>\n<div><\/div>\n<div>Sostuvo que las autoridades del Cuerpo cumplen un rol institucional ante la ausencia del Intendente, o del Vice intendente, \u201cpero en este caso me parece que la participaci\u00f3n de todas las voces institucionales del Concejo no est\u00e1 representada\u201d, afirm\u00f3 y pidi\u00f3 que la minor\u00eda est\u00e9 representada en el COE.<\/div>\n<div><\/div>\n<div>Solicit\u00f3 que quede en el acta de la sesi\u00f3n \u201cque no existe una conformaci\u00f3n por decreto de COE, que no se sabe cu\u00e1ntos representantes del Concejo debe haber en dicho organismo y que debe estar representada la minor\u00eda\u201d, y que propon\u00eda para ocupar ese lugar al concejal Oscar Ferrero.<\/div>\n<div><\/div>\n<div><i><b>Concejal Ferrero<\/b><\/i><\/div>\n<p><img decoding=\"async\" id=\"202608032217223280\" class=\"validImg controledImg\" src=\"https:\/\/www.powernoticias.com\/images\/202608032217223280\" name=\"img-202608032217223280\" \/><\/p>\n<div>El edil del Frente Renovador sum\u00f3 su opini\u00f3n al debate. Record\u00f3 que tambi\u00e9n estuvo presente en la reuni\u00f3n convocada por el Intendente Mariano Hormaechea donde se anuncio la conformaci\u00f3n del COE, con la participaci\u00f3n de diferentes instituciones de Goya.<\/div>\n<div><\/div>\n<div>entre las que estuvieron las fuerzas p\u00fablicas, donde cit\u00f3 que iba hasta el Grupo Scout, Club de Leones, donde iba a participar el Concejo Deliberante y<\/div>\n<div><\/div>\n<div>En esa oportunidad, seg\u00fan dijo el concejal Oscar Ferrero, \u201cen ning\u00fan momento se dijo que cantidad de personas puedan asistir o participar o conformar el COE por cada instituci\u00f3n. Se dej\u00f3 espec\u00edficamente, claro, las personas que sean designadas por cada una de ellas para conformarlo\u201d.<\/div>\n<div><\/div>\n<div>\u201cAs\u00ed que no veo el problema de que por parte del Concejo Deliberante puedan participar las personas que verdaderamente est\u00e9n con la intenci\u00f3n de hacerlo de la mejor manera y no sean nuevamente a criterio de una votaci\u00f3n, donde sabemos que el oficialismo tiene la voluntad de elegir lo que quiere y hacer lo que quiere, como siempre, sin dejar participar a las personas que tenemos ganas de hacer el trabajo que nos corresponde y representar a la gente que nos vot\u00f3\u201d, enfatiz\u00f3 Oscar Ferrero, reiterando su intenci\u00f3n de participar. \u201cPodemos tener la participaci\u00f3n de dos o tres o si es dos, que sea una por parte del oficialismo y una por parte de la oposici\u00f3n y podamos hacerlo de la mejor manera posible\u201d, agreg\u00f3.<\/div>\n<div><\/div>\n<div>Expuestas las posiciones del oficialismo y de la minor\u00eda, se puso a consideraci\u00f3n la propuesta de la concejal Quir\u00f3s, que mocion\u00f3 al vicepresidente 1\u00b0, Marcelo Fratti ni, y a la vicepresidenta 2\u00b0, Vivian Merlo, como representantes ante el COE, la que fue apoyada por mayor\u00eda.<\/div>\n<div><\/div>\n<div>No habiendo m\u00e1s temas para tratar el Viceintendente y Presidente del HCD Sebasti\u00e1n Mazzaro dio por finalizada la Sesi\u00f3n Especial.-<\/div>\n","protected":false},"excerpt":{"rendered":"<p>En una sesi\u00f3n Especial convocada este lunes, el Concejo Deliberante de Goya aprob\u00f3, por mayor\u00eda, la propuesta de designar a los vicepresidentes 1\u00b0 y 2\u00b0 del HCD, para conformar el Comit\u00e9 Operativo de Emergencia (COE). La minor\u00eda plante\u00f3 que la representaci\u00f3n en el citado organismo municipal que coordinar\u00e1 las acciones a ejecutarse ante la contingencia [&hellip;]<\/p>\n","protected":false},"author":2,"featured_media":11265,"comment_status":"open","ping_status":"open","sticky":false,"template":"","format":"standard","meta":{"footnotes":""},"categories":[77],"tags":[],"class_list":["post-11264","post","type-post","status-publish","format-standard","has-post-thumbnail","category-local"],"_links":{"self":[{"href":"https:\/\/radiokissnoticias.com.ar\/web\/wp-json\/wp\/v2\/posts\/11264","targetHints":{"allow":["GET"]}}],"collection":[{"href":"https:\/\/radiokissnoticias.com.ar\/web\/wp-json\/wp\/v2\/posts"}],"about":[{"href":"https:\/\/radiokissnoticias.com.ar\/web\/wp-json\/wp\/v2\/types\/post"}],"author":[{"embeddable":true,"href":"https:\/\/radiokissnoticias.com.ar\/web\/wp-json\/wp\/v2\/users\/2"}],"replies":[{"embeddable":true,"href":"https:\/\/radiokissnoticias.com.ar\/web\/wp-json\/wp\/v2\/comments?post=11264"}],"version-history":[{"count":1,"href":"https:\/\/radiokissnoticias.com.ar\/web\/wp-json\/wp\/v2\/posts\/11264\/revisions"}],"predecessor-version":[{"id":11266,"href":"https:\/\/radiokissnoticias.com.ar\/web\/wp-json\/wp\/v2\/posts\/11264\/revisions\/11266"}],"wp:featuredmedia":[{"embeddable":true,"href":"https:\/\/radiokissnoticias.com.ar\/web\/wp-json\/wp\/v2\/media\/11265"}],"wp:attachment":[{"href":"https:\/\/radiokissnoticias.com.ar\/web\/wp-json\/wp\/v2\/media?parent=11264"}],"wp:term":[{"taxonomy":"category","embeddable":true,"href":"https:\/\/radiokissnoticias.com.ar\/web\/wp-json\/wp\/v2\/categories?post=11264"},{"taxonomy":"post_tag","embeddable":true,"href":"https:\/\/radiokissnoticias.com.ar\/web\/wp-json\/wp\/v2\/tags?post=11264"}],"curies":[{"name":"wp","href":"https:\/\/api.w.org\/{rel}","templated":true}]}}