{"id":11261,"date":"2026-08-03T20:28:20","date_gmt":"2026-08-03T23:28:20","guid":{"rendered":"https:\/\/radiokissnoticias.com.ar\/web\/?p=11261"},"modified":"2026-08-03T20:28:20","modified_gmt":"2026-08-03T23:28:20","slug":"se-presentara-oficialmente-la-liga-provincial-de-mayores","status":"publish","type":"post","link":"https:\/\/radiokissnoticias.com.ar\/web\/2026\/08\/03\/se-presentara-oficialmente-la-liga-provincial-de-mayores\/","title":{"rendered":"Se presentar\u00e1 oficialmente la Liga Provincial de Mayores"},"content":{"rendered":"<p>La Federaci\u00f3n de B\u00e1squet de la Provincia de Corrientes organizar\u00e1 una conferencia de prensa este martes a las 12, en la Secretar\u00eda de Deportes de la Provincia para lanzar formalmente el torneo.<\/p>\n<p>Se viene una nueva edici\u00f3n del Provincial de Mayores. Este a\u00f1o, el torneo otorgar\u00e1 dos plazas a la Liga Federal que se disputar\u00e1 en 2027. En ese contexto, la Federaci\u00f3n de B\u00e1squet de la Provincia de Corrientes har\u00e1 la presentaci\u00f3n oficial del certamen este martes.<\/p>\n<p>Ser\u00e1 con una conferencia de prensa en la Secretar\u00eda de Deportes de la Provincia de<br \/>\nCorrientes a partir de las 12 con la presencia de Jorge Terrile, secretario de deportes, y las autoridades de la Federaci\u00f3n.<\/p>\n<p>La FBPC invita a medios de comunicaci\u00f3n, periodistas y a todos aquellos interesados a<br \/>\nparticipar de la misma.<\/p>\n<p>Mientras tanto, el torneo dar\u00e1 inicio este fin de semana. Todos los partidos de la Liga Provincial de Mayores podr\u00e1n verse en vivo y en directo de manera libre y gratuita a trav\u00e9s del canal de YouTube de la FBPC.<\/p>\n","protected":false},"excerpt":{"rendered":"<p>La Federaci\u00f3n de B\u00e1squet de la Provincia de Corrientes organizar\u00e1 una conferencia de prensa este martes a las 12, en la Secretar\u00eda de Deportes de la Provincia para lanzar formalmente el torneo. Se viene una nueva edici\u00f3n del Provincial de Mayores. Este a\u00f1o, el torneo otorgar\u00e1 dos plazas a la Liga Federal que se disputar\u00e1 [&hellip;]<\/p>\n","protected":false},"author":2,"featured_media":11262,"comment_status":"open","ping_status":"open","sticky":false,"template":"","format":"standard","meta":{"footnotes":""},"categories":[83],"tags":[],"class_list":["post-11261","post","type-post","status-publish","format-standard","has-post-thumbnail","category-deporte"],"_links":{"self":[{"href":"https:\/\/radiokissnoticias.com.ar\/web\/wp-json\/wp\/v2\/posts\/11261","targetHints":{"allow":["GET"]}}],"collection":[{"href":"https:\/\/radiokissnoticias.com.ar\/web\/wp-json\/wp\/v2\/posts"}],"about":[{"href":"https:\/\/radiokissnoticias.com.ar\/web\/wp-json\/wp\/v2\/types\/post"}],"author":[{"embeddable":true,"href":"https:\/\/radiokissnoticias.com.ar\/web\/wp-json\/wp\/v2\/users\/2"}],"replies":[{"embeddable":true,"href":"https:\/\/radiokissnoticias.com.ar\/web\/wp-json\/wp\/v2\/comments?post=11261"}],"version-history":[{"count":1,"href":"https:\/\/radiokissnoticias.com.ar\/web\/wp-json\/wp\/v2\/posts\/11261\/revisions"}],"predecessor-version":[{"id":11263,"href":"https:\/\/radiokissnoticias.com.ar\/web\/wp-json\/wp\/v2\/posts\/11261\/revisions\/11263"}],"wp:featuredmedia":[{"embeddable":true,"href":"https:\/\/radiokissnoticias.com.ar\/web\/wp-json\/wp\/v2\/media\/11262"}],"wp:attachment":[{"href":"https:\/\/radiokissnoticias.com.ar\/web\/wp-json\/wp\/v2\/media?parent=11261"}],"wp:term":[{"taxonomy":"category","embeddable":true,"href":"https:\/\/radiokissnoticias.com.ar\/web\/wp-json\/wp\/v2\/categories?post=11261"},{"taxonomy":"post_tag","embeddable":true,"href":"https:\/\/radiokissnoticias.com.ar\/web\/wp-json\/wp\/v2\/tags?post=11261"}],"curies":[{"name":"wp","href":"https:\/\/api.w.org\/{rel}","templated":true}]}}