{"id":11239,"date":"2026-08-03T20:06:41","date_gmt":"2026-08-03T23:06:41","guid":{"rendered":"https:\/\/radiokissnoticias.com.ar\/web\/?p=11239"},"modified":"2026-08-03T20:06:41","modified_gmt":"2026-08-03T23:06:41","slug":"impulso-al-turismo-presentaron-la-segunda-fiesta-del-chipa-que-se-realizara-en-itati","status":"publish","type":"post","link":"https:\/\/radiokissnoticias.com.ar\/web\/2026\/08\/03\/impulso-al-turismo-presentaron-la-segunda-fiesta-del-chipa-que-se-realizara-en-itati\/","title":{"rendered":"IMPULSO AL TURISMO: Presentaron la segunda fiesta del Chip\u00e1 que se realizar\u00e1 en Itat\u00ed"},"content":{"rendered":"<p>El pr\u00f3ximo 15 de agosto, Itat\u00ed ser\u00e1 sede de la segunda edici\u00f3n de la Fiesta del Chip\u00e1, un evento que busca revalorizar la identidad gastron\u00f3mica del pueblo en torno a este producto ancestral.<\/p>\n<p><img loading=\"lazy\" decoding=\"async\" class=\"alignnone size-medium wp-image-11240\" src=\"https:\/\/radiokissnoticias.com.ar\/web\/wp-content\/uploads\/2026\/08\/descarga-2026-08-03T200405.858-300x200.jpeg\" alt=\"\" width=\"300\" height=\"200\" srcset=\"https:\/\/radiokissnoticias.com.ar\/web\/wp-content\/uploads\/2026\/08\/descarga-2026-08-03T200405.858-300x200.jpeg 300w, https:\/\/radiokissnoticias.com.ar\/web\/wp-content\/uploads\/2026\/08\/descarga-2026-08-03T200405.858-1024x682.jpeg 1024w, https:\/\/radiokissnoticias.com.ar\/web\/wp-content\/uploads\/2026\/08\/descarga-2026-08-03T200405.858-768x512.jpeg 768w, https:\/\/radiokissnoticias.com.ar\/web\/wp-content\/uploads\/2026\/08\/descarga-2026-08-03T200405.858-1536x1023.jpeg 1536w, https:\/\/radiokissnoticias.com.ar\/web\/wp-content\/uploads\/2026\/08\/descarga-2026-08-03T200405.858-630x420.jpeg 630w, https:\/\/radiokissnoticias.com.ar\/web\/wp-content\/uploads\/2026\/08\/descarga-2026-08-03T200405.858-696x464.jpeg 696w, https:\/\/radiokissnoticias.com.ar\/web\/wp-content\/uploads\/2026\/08\/descarga-2026-08-03T200405.858-1068x712.jpeg 1068w, https:\/\/radiokissnoticias.com.ar\/web\/wp-content\/uploads\/2026\/08\/descarga-2026-08-03T200405.858.jpeg 1600w\" sizes=\"auto, (max-width: 300px) 100vw, 300px\" \/><\/p>\n<p><img loading=\"lazy\" decoding=\"async\" class=\"alignnone size-medium wp-image-11241\" src=\"https:\/\/radiokissnoticias.com.ar\/web\/wp-content\/uploads\/2026\/08\/descarga-2026-08-03T200410.365-300x200.jpeg\" alt=\"\" width=\"300\" height=\"200\" srcset=\"https:\/\/radiokissnoticias.com.ar\/web\/wp-content\/uploads\/2026\/08\/descarga-2026-08-03T200410.365-300x200.jpeg 300w, https:\/\/radiokissnoticias.com.ar\/web\/wp-content\/uploads\/2026\/08\/descarga-2026-08-03T200410.365-1024x682.jpeg 1024w, https:\/\/radiokissnoticias.com.ar\/web\/wp-content\/uploads\/2026\/08\/descarga-2026-08-03T200410.365-768x512.jpeg 768w, https:\/\/radiokissnoticias.com.ar\/web\/wp-content\/uploads\/2026\/08\/descarga-2026-08-03T200410.365-1536x1023.jpeg 1536w, https:\/\/radiokissnoticias.com.ar\/web\/wp-content\/uploads\/2026\/08\/descarga-2026-08-03T200410.365-630x420.jpeg 630w, https:\/\/radiokissnoticias.com.ar\/web\/wp-content\/uploads\/2026\/08\/descarga-2026-08-03T200410.365-696x464.jpeg 696w, https:\/\/radiokissnoticias.com.ar\/web\/wp-content\/uploads\/2026\/08\/descarga-2026-08-03T200410.365-1068x712.jpeg 1068w, https:\/\/radiokissnoticias.com.ar\/web\/wp-content\/uploads\/2026\/08\/descarga-2026-08-03T200410.365.jpeg 1600w\" sizes=\"auto, (max-width: 300px) 100vw, 300px\" \/><\/p>\n<p>La iniciativa, organizada en conjunto por el gobierno de Corrientes, el Municipio de Itat\u00ed y la Asociaci\u00f3n Civil Nueva Esperanza, fue presentada este lunes con el objetivo de diversificar la oferta tur\u00edstica local y dinamizar la econom\u00eda regional.<\/p>\n<p>La jornada comenzar\u00e1 a las 10 con el concurso gastron\u00f3mico, dividido en dos instancias: por la ma\u00f1ana competir\u00e1n el chip\u00e1 y el mbey\u00fa tradicional, y luego del mediod\u00eda se sumar\u00e1 la categor\u00eda chip\u00e1 gourmet, donde los participantes podr\u00e1n innovar con las recetas.<\/p>\n<p>A diferencia de la edici\u00f3n anterior, este a\u00f1o se permitir\u00e1 el uso de horno el\u00e9ctrico y los equipos deber\u00e1n integrarse con tres personas, al menos una de ellas mujer.<\/p>\n<p>Desde las 15 se desarrollar\u00e1n actividades recreativas para ni\u00f1os y adolescentes, la elecci\u00f3n de la embajadora del evento, la Feria Franca, ballets y shows musicales, con una agenda que se extender\u00e1 hasta la medianoche.<\/p>\n<p>El intendente de Itat\u00ed, Francisco Romero, calific\u00f3 el encuentro como un espacio clave para el desarrollo y la econom\u00eda local, agradeci\u00f3 al Gobierno provincial por su respaldo en la organizaci\u00f3n y destac\u00f3 que este tipo de iniciativas ponen en valor la cultura, las ra\u00edces de la comunidad y el trabajo constante de los emprendedores de la zona.<\/p>\n<p>El subsecretario de Promoci\u00f3n e Inversiones Tur\u00edsticas, Augusto Costaguta, se\u00f1al\u00f3 que este tipo de eventos apunta a atraer visitantes y potenciar las econom\u00edas locales, y que en el caso de Itat\u00ed permite proyectar alternativas tur\u00edsticas m\u00e1s all\u00e1 del circuito religioso que caracteriza hist\u00f3ricamente a la localidad.<\/p>\n<p>La directora de Comercializaci\u00f3n y del programa Emprendedores Siempre Cerca, Lourdes d&#8217;Arrigo, remarc\u00f3 que estas propuestas contribuyen a diversificar el turismo en Itat\u00ed y a generar un impacto directo en la econom\u00eda local.<\/p>\n<p>Agreg\u00f3 que el gobernador Juan Pablo Vald\u00e9s impulsa este tipo de eventos como parte de una pol\u00edtica m\u00e1s amplia de apoyo a los emprendedores, que incluye capacitaciones y premios para los participantes del concurso.<\/p>\n<p>La coordinadora de la fiesta y concejal, Priscila Fari\u00f1a, record\u00f3 que la propuesta naci\u00f3 en 2019 impulsada por la Asociaci\u00f3n Civil Nueva Esperanza y remarc\u00f3 que el evento representa &#8220;nuestras ra\u00edces, nuestra historia, nuestra tradici\u00f3n y nuestra cultura&#8221;, en un reconocimiento cada vez mayor a este alimento con tanta historia para la comunidad itate\u00f1a.<\/p>\n","protected":false},"excerpt":{"rendered":"<p>El pr\u00f3ximo 15 de agosto, Itat\u00ed ser\u00e1 sede de la segunda edici\u00f3n de la Fiesta del Chip\u00e1, un evento que busca revalorizar la identidad gastron\u00f3mica del pueblo en torno a este producto ancestral. La iniciativa, organizada en conjunto por el gobierno de Corrientes, el Municipio de Itat\u00ed y la Asociaci\u00f3n Civil Nueva Esperanza, fue presentada [&hellip;]<\/p>\n","protected":false},"author":2,"featured_media":11242,"comment_status":"open","ping_status":"open","sticky":false,"template":"","format":"standard","meta":{"footnotes":""},"categories":[79],"tags":[],"class_list":["post-11239","post","type-post","status-publish","format-standard","has-post-thumbnail","category-provincia"],"_links":{"self":[{"href":"https:\/\/radiokissnoticias.com.ar\/web\/wp-json\/wp\/v2\/posts\/11239","targetHints":{"allow":["GET"]}}],"collection":[{"href":"https:\/\/radiokissnoticias.com.ar\/web\/wp-json\/wp\/v2\/posts"}],"about":[{"href":"https:\/\/radiokissnoticias.com.ar\/web\/wp-json\/wp\/v2\/types\/post"}],"author":[{"embeddable":true,"href":"https:\/\/radiokissnoticias.com.ar\/web\/wp-json\/wp\/v2\/users\/2"}],"replies":[{"embeddable":true,"href":"https:\/\/radiokissnoticias.com.ar\/web\/wp-json\/wp\/v2\/comments?post=11239"}],"version-history":[{"count":1,"href":"https:\/\/radiokissnoticias.com.ar\/web\/wp-json\/wp\/v2\/posts\/11239\/revisions"}],"predecessor-version":[{"id":11243,"href":"https:\/\/radiokissnoticias.com.ar\/web\/wp-json\/wp\/v2\/posts\/11239\/revisions\/11243"}],"wp:featuredmedia":[{"embeddable":true,"href":"https:\/\/radiokissnoticias.com.ar\/web\/wp-json\/wp\/v2\/media\/11242"}],"wp:attachment":[{"href":"https:\/\/radiokissnoticias.com.ar\/web\/wp-json\/wp\/v2\/media?parent=11239"}],"wp:term":[{"taxonomy":"category","embeddable":true,"href":"https:\/\/radiokissnoticias.com.ar\/web\/wp-json\/wp\/v2\/categories?post=11239"},{"taxonomy":"post_tag","embeddable":true,"href":"https:\/\/radiokissnoticias.com.ar\/web\/wp-json\/wp\/v2\/tags?post=11239"}],"curies":[{"name":"wp","href":"https:\/\/api.w.org\/{rel}","templated":true}]}}