{"id":11236,"date":"2026-08-03T20:00:34","date_gmt":"2026-08-03T23:00:34","guid":{"rendered":"https:\/\/radiokissnoticias.com.ar\/web\/?p=11236"},"modified":"2026-08-03T20:00:34","modified_gmt":"2026-08-03T23:00:34","slug":"abren-las-inscripciones-para-la-licenciatura-en-educacion","status":"publish","type":"post","link":"https:\/\/radiokissnoticias.com.ar\/web\/2026\/08\/03\/abren-las-inscripciones-para-la-licenciatura-en-educacion\/","title":{"rendered":"Abren las inscripciones para la licenciatura en Educaci\u00f3n"},"content":{"rendered":"<p>La Secretar\u00eda de Educaci\u00f3n de la Municipalidad de Goya informa que se encuentran abiertas las inscripciones para cursar la Licenciatura en Educaci\u00f3n, una propuesta destinada a quienes deseen continuar su formaci\u00f3n profesional.<\/p>\n<p>El inicio del proceso de inscripci\u00f3n ser\u00e1 el mi\u00e9rcoles 5 de agosto a partir de las 8 horas, en la oficina de la Secretar\u00eda de Educaci\u00f3n, ubicada en Mariano I. Loza N\u00b0 50.<\/p>\n<p>Desde dicha \u00e1rea detallaron que los interesados deber\u00e1n presentar como requisitos una copia del DNI (frente y dorso) y una copia del t\u00edtulo de grado acompa\u00f1ado del anal\u00edtico correspondiente<\/p>\n<p>Asimismo, se indic\u00f3 que los cupos son limitados, por lo que se recomienda a los aspirantes completar el tr\u00e1mite a la brevedad.<\/p>\n<p>La convocatoria representa una nueva oportunidad para fortalecer la capacitaci\u00f3n acad\u00e9mica en la ciudad, promoviendo el desarrollo profesional y educativo de la comunidad.<\/p>\n<p>Direcci\u00f3n de Prensa \u2013 Municipalidad de Goya.<\/p>\n","protected":false},"excerpt":{"rendered":"<p>La Secretar\u00eda de Educaci\u00f3n de la Municipalidad de Goya informa que se encuentran abiertas las inscripciones para cursar la Licenciatura en Educaci\u00f3n, una propuesta destinada a quienes deseen continuar su formaci\u00f3n profesional. El inicio del proceso de inscripci\u00f3n ser\u00e1 el mi\u00e9rcoles 5 de agosto a partir de las 8 horas, en la oficina de la [&hellip;]<\/p>\n","protected":false},"author":2,"featured_media":11237,"comment_status":"open","ping_status":"open","sticky":false,"template":"","format":"standard","meta":{"footnotes":""},"categories":[77],"tags":[],"class_list":["post-11236","post","type-post","status-publish","format-standard","has-post-thumbnail","category-local"],"_links":{"self":[{"href":"https:\/\/radiokissnoticias.com.ar\/web\/wp-json\/wp\/v2\/posts\/11236","targetHints":{"allow":["GET"]}}],"collection":[{"href":"https:\/\/radiokissnoticias.com.ar\/web\/wp-json\/wp\/v2\/posts"}],"about":[{"href":"https:\/\/radiokissnoticias.com.ar\/web\/wp-json\/wp\/v2\/types\/post"}],"author":[{"embeddable":true,"href":"https:\/\/radiokissnoticias.com.ar\/web\/wp-json\/wp\/v2\/users\/2"}],"replies":[{"embeddable":true,"href":"https:\/\/radiokissnoticias.com.ar\/web\/wp-json\/wp\/v2\/comments?post=11236"}],"version-history":[{"count":1,"href":"https:\/\/radiokissnoticias.com.ar\/web\/wp-json\/wp\/v2\/posts\/11236\/revisions"}],"predecessor-version":[{"id":11238,"href":"https:\/\/radiokissnoticias.com.ar\/web\/wp-json\/wp\/v2\/posts\/11236\/revisions\/11238"}],"wp:featuredmedia":[{"embeddable":true,"href":"https:\/\/radiokissnoticias.com.ar\/web\/wp-json\/wp\/v2\/media\/11237"}],"wp:attachment":[{"href":"https:\/\/radiokissnoticias.com.ar\/web\/wp-json\/wp\/v2\/media?parent=11236"}],"wp:term":[{"taxonomy":"category","embeddable":true,"href":"https:\/\/radiokissnoticias.com.ar\/web\/wp-json\/wp\/v2\/categories?post=11236"},{"taxonomy":"post_tag","embeddable":true,"href":"https:\/\/radiokissnoticias.com.ar\/web\/wp-json\/wp\/v2\/tags?post=11236"}],"curies":[{"name":"wp","href":"https:\/\/api.w.org\/{rel}","templated":true}]}}