{"id":11224,"date":"2026-08-03T13:56:29","date_gmt":"2026-08-03T16:56:29","guid":{"rendered":"https:\/\/radiokissnoticias.com.ar\/web\/?p=11224"},"modified":"2026-08-03T13:56:29","modified_gmt":"2026-08-03T16:56:29","slug":"la-dirigencia-de-eli-se-moviliza-por-el-interior-provincial","status":"publish","type":"post","link":"https:\/\/radiokissnoticias.com.ar\/web\/2026\/08\/03\/la-dirigencia-de-eli-se-moviliza-por-el-interior-provincial\/","title":{"rendered":"La dirigencia de ELI se moviliza por el interior provincial"},"content":{"rendered":"<p>Goya, Perugorr\u00eda y Mariano I. Loza fueron sede de sendas reuniones donde los principales dirigentes de ElI escucharon a los afiliados a la fuerza provincial que lidera el diputado Provincial \u201cPerucho Cassani\u201d. Desde el sector indicaron a este medio que el recorrido por distintas localidades continuar\u00e1 en los pr\u00f3ximos d\u00edas. \u201cSeguir trabajando por una provincia, con m\u00e1s oportunidad. Creemos en la pol\u00edtica que se construye cara a cara, recorriendo cada localidad y transformar las ideas en acciones\u201d, indica un posteo del concejal de Goya Tony Mazzaro.<\/p>\n<p><img loading=\"lazy\" decoding=\"async\" class=\"\" src=\"https:\/\/www.powernoticias.com\/images\/202608031502469945\" width=\"621\" height=\"466\" \/><\/p>\n<p><img loading=\"lazy\" decoding=\"async\" class=\"\" src=\"https:\/\/www.powernoticias.com\/images\/202608031502354219\" width=\"642\" height=\"856\" \/><\/p>\n<p>Los dirigentes se comprometieron a continuar los recorridos para fortalecer a ELI en compa\u00f1\u00eda de la gente.<\/p>\n<p>Adem\u00e1s de Perucho Cassani, fundador y l\u00edder de la fuerza, participaron el diputado Nacional Federico Tournier, el concejal Antonio Mazzaro y Pedrito Cassani.<\/p>\n","protected":false},"excerpt":{"rendered":"<p>Goya, Perugorr\u00eda y Mariano I. Loza fueron sede de sendas reuniones donde los principales dirigentes de ElI escucharon a los afiliados a la fuerza provincial que lidera el diputado Provincial \u201cPerucho Cassani\u201d. Desde el sector indicaron a este medio que el recorrido por distintas localidades continuar\u00e1 en los pr\u00f3ximos d\u00edas. \u201cSeguir trabajando por una provincia, [&hellip;]<\/p>\n","protected":false},"author":2,"featured_media":11225,"comment_status":"open","ping_status":"open","sticky":false,"template":"","format":"standard","meta":{"footnotes":""},"categories":[81],"tags":[],"class_list":["post-11224","post","type-post","status-publish","format-standard","has-post-thumbnail","category-politica"],"_links":{"self":[{"href":"https:\/\/radiokissnoticias.com.ar\/web\/wp-json\/wp\/v2\/posts\/11224","targetHints":{"allow":["GET"]}}],"collection":[{"href":"https:\/\/radiokissnoticias.com.ar\/web\/wp-json\/wp\/v2\/posts"}],"about":[{"href":"https:\/\/radiokissnoticias.com.ar\/web\/wp-json\/wp\/v2\/types\/post"}],"author":[{"embeddable":true,"href":"https:\/\/radiokissnoticias.com.ar\/web\/wp-json\/wp\/v2\/users\/2"}],"replies":[{"embeddable":true,"href":"https:\/\/radiokissnoticias.com.ar\/web\/wp-json\/wp\/v2\/comments?post=11224"}],"version-history":[{"count":1,"href":"https:\/\/radiokissnoticias.com.ar\/web\/wp-json\/wp\/v2\/posts\/11224\/revisions"}],"predecessor-version":[{"id":11226,"href":"https:\/\/radiokissnoticias.com.ar\/web\/wp-json\/wp\/v2\/posts\/11224\/revisions\/11226"}],"wp:featuredmedia":[{"embeddable":true,"href":"https:\/\/radiokissnoticias.com.ar\/web\/wp-json\/wp\/v2\/media\/11225"}],"wp:attachment":[{"href":"https:\/\/radiokissnoticias.com.ar\/web\/wp-json\/wp\/v2\/media?parent=11224"}],"wp:term":[{"taxonomy":"category","embeddable":true,"href":"https:\/\/radiokissnoticias.com.ar\/web\/wp-json\/wp\/v2\/categories?post=11224"},{"taxonomy":"post_tag","embeddable":true,"href":"https:\/\/radiokissnoticias.com.ar\/web\/wp-json\/wp\/v2\/tags?post=11224"}],"curies":[{"name":"wp","href":"https:\/\/api.w.org\/{rel}","templated":true}]}}