{"id":11220,"date":"2026-08-03T13:53:56","date_gmt":"2026-08-03T16:53:56","guid":{"rendered":"https:\/\/radiokissnoticias.com.ar\/web\/?p=11220"},"modified":"2026-08-03T13:53:56","modified_gmt":"2026-08-03T16:53:56","slug":"pichetto-pidio-que-el-pj-apoye-el-reclamo-internacional-de-cristina-kirchner-y-dijo-que-villarruel-sera-candidata-a-presidente","status":"publish","type":"post","link":"https:\/\/radiokissnoticias.com.ar\/web\/2026\/08\/03\/pichetto-pidio-que-el-pj-apoye-el-reclamo-internacional-de-cristina-kirchner-y-dijo-que-villarruel-sera-candidata-a-presidente\/","title":{"rendered":"Pichetto pidi\u00f3 que el PJ apoye el reclamo internacional de Cristina Kirchner y dijo que Villarruel ser\u00e1 candidata a presidente"},"content":{"rendered":"<p>El diputado se\u00f1al\u00f3 que el peronismo debe sostener la estrategia para que la ex mandataria \u201cpueda recuperar la libertad y sus capacidades c\u00edvicas\u201d<\/p>\n<div id=\"modalFulltext\">El diputado nacional Miguel \u00c1ngel Pichetto reclam\u00f3 al peronismo que agote todas las instancias de apoyo a Cristina Fern\u00e1ndez de Kirchner para que recupere sus derechos pol\u00edticos, al tiempo que construya una candidatura presidencial propia con legitimidad interna de cara a las elecciones de 2027. \u201cEl peronismo tiene que hacer todo: plantear un trabajo de unidad, de responsabilidad, de programa\u201d, afirm\u00f3 el presidente del bloque Encuentro Federal en una entrevista con radio Futurock, donde tambi\u00e9n traz\u00f3 un diagn\u00f3stico severo sobre la situaci\u00f3n social del pa\u00eds y el futuro del espacio opositor.<\/p>\n<p>La declaraci\u00f3n del legislador lleg\u00f3 d\u00edas despu\u00e9s de que el equipo jur\u00eddico de la ex presidente anunci\u00f3 que presentar\u00e1 el caso ante el Comit\u00e9 de Derechos Humanos de las Naciones Unidas (ONU), con la incorporaci\u00f3n del abogado brasile\u00f1o Rafael Valim \u2014quien integr\u00f3 la defensa del presidente Luiz In\u00e1cio Lula da Silva en el caso Lava Jato\u2014 y el espa\u00f1ol Javier Borrego, ex juez del Tribunal Europeo de Derechos Humanos. La defensa solicit\u00f3 tres medidas cautelares al organismo: la suspensi\u00f3n de la inhabilitaci\u00f3n perpetua para ejercer cargos p\u00fablicos, el restablecimiento de la integraci\u00f3n legal de la Corte Suprema \u2014que funciona con solo tres miembros\u2014 y la modificaci\u00f3n del r\u00e9gimen de prisi\u00f3n domiciliaria de Kirchner.<\/p>\n<p>Valim fue categ\u00f3rico sobre el alcance de las decisiones del Comit\u00e9: \u201cLas decisiones del Comit\u00e9 son vinculantes, son parte del compromiso del Estado argentino ante las Naciones Unidas\u201d, sostuvo, y record\u00f3 que el C\u00f3digo Procesal Penal Federal argentino contempla que una resoluci\u00f3n favorable puede ser base para la revisi\u00f3n de una sentencia firme. La pr\u00f3xima sesi\u00f3n del organismo est\u00e1 prevista para octubre.<\/p>\n<p>Pichetto calific\u00f3 la inhabilitaci\u00f3n especial perpetua como \u201cuna pena retr\u00f3grada\u201d y la equipar\u00f3 a las antiguas figuras del destierro griego y romano, y a la \u201cmuerte civil\u201d del derecho civil argentino decimon\u00f3nico. Describi\u00f3 la condena como arbitraria \u2014\u201cfue condenada sin prueba, por una corte que no estaba completa, con un fiscal que no era el fiscal natural\u201d\u2014 y traz\u00f3 el paralelo con el proceso que enfrent\u00f3 Lula, cuya situaci\u00f3n se resolvi\u00f3 tras la aparici\u00f3n de pruebas que evidenciaron la parcialidad del v\u00ednculo entre el juez y el fiscal que lo condenaron. \u201cA Lula le ha ido bien porque tambi\u00e9n le ha ido bien en Naciones Unidas, donde le reconocieron que hab\u00eda sido mal condenado\u201d, record\u00f3 el legislador.<\/p>\n<p>Sobre la estrategia pol\u00edtica, Pichetto rechaz\u00f3 el argumento de que apoyar la causa judicial de Kirchner y construir una candidatura alternativa sean objetivos excluyentes. \u201cHay que contener a la principal figura que tiene el peronismo, que todav\u00eda hoy mide en un nivel importante, muy importante. Hay que agotar todas las instancias de apoyo para que esa figura pueda volver a recuperar la libertad y tambi\u00e9n sus capacidades c\u00edvicas\u201d, plante\u00f3, y agreg\u00f3 que la figura alternativa debe surgir de una primaria que le otorgue legitimidad al candidato. \u201cEso es lo que le va a dar legitimidad al candidato que surja de esa alternativa\u201d, precis\u00f3. En esa l\u00ednea, defendi\u00f3 la conservaci\u00f3n de las PASO como herramienta ordenadora de la interna.<\/p>\n<p>El debate sobre la candidatura de Kirchner atraviesa al Partido Justicialista (PJ) de manera transversal. Desde el kirchnerismo, el diputado M\u00e1ximo Kirchner repite que \u201cla queremos candidata\u201d y sostiene que la ex presidente es la \u00fanica figura que puede \u201cplantarse ante el poder econ\u00f3mico\u201d. Al mismo tiempo, sectores del peronismo no kirchnerista leen la situaci\u00f3n de otra manera: en el propio oficialismo circula la lectura de que \u201cpara un sector del peronismo pareciera que les viene bien Cristina detenida\u201d, una percepci\u00f3n que tambi\u00e9n comparten fuentes del Gobierno nacional. Pichetto sali\u00f3 al cruce de esa postura: \u201cEl que quiere ser candidato a presidente tiene que tener la capacidad, la inteligencia y la virtud de hablar con todos. Mucho m\u00e1s cuando se trata de una figura que fue dos veces presidenta de la Argentina\u201d.<\/p>\n<p>La Casa Rosada opt\u00f3 por la prescindencia formal. \u201cNos conviene no interferir con la justicia porque de hacerlo, especulando por una cosa u otra, quedamos involucrados directa o indirectamente\u201d, explic\u00f3 un referente territorial libertario. Internamente, el oficialismo entiende que Kirchner conserva altos niveles de rechazo y que una eventual habilitaci\u00f3n para competir no perjudicar\u00eda a La Libertad Avanza en la carrera por la reelecci\u00f3n de Javier Milei. \u201cAl que peor le cae esto es a Kicillof. Ella no lo odia a Milei, lo odia a Axel\u201d, grafic\u00f3 un funcionario.<\/p>\n<p>La tensi\u00f3n en el PJ qued\u00f3 en evidencia este fin de semana. El gobernador bonaerense Axel Kicillof no asisti\u00f3 al acto que el mandatario riojano Ricardo Quintela organiz\u00f3 en La Rioja para conmemorar los cincuenta a\u00f1os del asesinato del sacerdote Enrique Angelelli, al que s\u00ed asisti\u00f3 M\u00e1ximo Kirchner y al que la ex presidente envi\u00f3 una se\u00f1al de respaldo desde su domicilio. Kicillof deleg\u00f3 su representaci\u00f3n en la jefa de asesores, Cristina \u00c1lvarez Rodr\u00edguez. Sergio Massa tampoco estuvo presente.<\/p>\n<p>En paralelo, Kicillof avanza en la consolidaci\u00f3n de su propia estructura. Su espacio, el Movimiento Derecho al Futuro (MDF), realizar\u00e1 plenarios seccionales durante agosto en los 135 municipios bonaerenses, con el objetivo de afianzar el peso de la provincia de Buenos Aires en la negociaci\u00f3n interna del peronismo. El primer plenario est\u00e1 previsto para el s\u00e1bado 8 de agosto en Alberti. Los armadores del gobernador planean cerrar el ciclo con un gran acto pol\u00edtico en septiembre, que coincidir\u00eda con el primer aniversario de la victoria del peronismo en las elecciones legislativas provinciales de 2025, cuando Fuerza Patria se impuso a La Libertad Avanza por casi 14 puntos.<\/p>\n<p>Pichetto descart\u00f3 que exista espacio para construcciones de centro en el escenario de 2027 y pronostic\u00f3 una polarizaci\u00f3n similar a la de otros procesos electorales recientes en Am\u00e9rica Latina. \u201cVa a haber una f\u00f3rmula peronista, va a haber una f\u00f3rmula que integre tambi\u00e9n a otros sectores pol\u00edticos, al radicalismo, que no quiere saber nada con este gobierno, dem\u00f3cratas cristianos y otros sectores\u201d, anticip\u00f3. El legislador tambi\u00e9n augur\u00f3 que Victoria Villarruel competir\u00e1 como candidata presidencial con un electorado propio de base nacionalista, cat\u00f3lica y militar, y descart\u00f3 que haya lugar para Patricia Bullrich dentro de la oferta oficialista.<\/p>\n<p>El trasfondo del debate electoral es, para Pichetto, una crisis social que describe como \u201cexplosiva\u201d. El diputado advirti\u00f3 que el modelo econ\u00f3mico del Gobierno dej\u00f3 al 70% de la sociedad fuera del sistema, con salarios \u201cdemolidos\u201d y una situaci\u00f3n en los conurbanos que, a su juicio, podr\u00eda derivar en \u201ceventos no queridos\u201d. \u201cNadie vota a aquellos que le hacen perder todo, que pierden el trabajo\u201d, sentenci\u00f3.<\/p><\/div>\n<div>\n<div id=\"117986-4\"><\/div>\n<\/div>\n","protected":false},"excerpt":{"rendered":"<p>El diputado se\u00f1al\u00f3 que el peronismo debe sostener la estrategia para que la ex mandataria \u201cpueda recuperar la libertad y sus capacidades c\u00edvicas\u201d El diputado nacional Miguel \u00c1ngel Pichetto reclam\u00f3 al peronismo que agote todas las instancias de apoyo a Cristina Fern\u00e1ndez de Kirchner para que recupere sus derechos pol\u00edticos, al tiempo que construya una [&hellip;]<\/p>\n","protected":false},"author":2,"featured_media":11221,"comment_status":"open","ping_status":"open","sticky":false,"template":"","format":"standard","meta":{"footnotes":""},"categories":[81],"tags":[],"class_list":["post-11220","post","type-post","status-publish","format-standard","has-post-thumbnail","category-politica"],"_links":{"self":[{"href":"https:\/\/radiokissnoticias.com.ar\/web\/wp-json\/wp\/v2\/posts\/11220","targetHints":{"allow":["GET"]}}],"collection":[{"href":"https:\/\/radiokissnoticias.com.ar\/web\/wp-json\/wp\/v2\/posts"}],"about":[{"href":"https:\/\/radiokissnoticias.com.ar\/web\/wp-json\/wp\/v2\/types\/post"}],"author":[{"embeddable":true,"href":"https:\/\/radiokissnoticias.com.ar\/web\/wp-json\/wp\/v2\/users\/2"}],"replies":[{"embeddable":true,"href":"https:\/\/radiokissnoticias.com.ar\/web\/wp-json\/wp\/v2\/comments?post=11220"}],"version-history":[{"count":2,"href":"https:\/\/radiokissnoticias.com.ar\/web\/wp-json\/wp\/v2\/posts\/11220\/revisions"}],"predecessor-version":[{"id":11223,"href":"https:\/\/radiokissnoticias.com.ar\/web\/wp-json\/wp\/v2\/posts\/11220\/revisions\/11223"}],"wp:featuredmedia":[{"embeddable":true,"href":"https:\/\/radiokissnoticias.com.ar\/web\/wp-json\/wp\/v2\/media\/11221"}],"wp:attachment":[{"href":"https:\/\/radiokissnoticias.com.ar\/web\/wp-json\/wp\/v2\/media?parent=11220"}],"wp:term":[{"taxonomy":"category","embeddable":true,"href":"https:\/\/radiokissnoticias.com.ar\/web\/wp-json\/wp\/v2\/categories?post=11220"},{"taxonomy":"post_tag","embeddable":true,"href":"https:\/\/radiokissnoticias.com.ar\/web\/wp-json\/wp\/v2\/tags?post=11220"}],"curies":[{"name":"wp","href":"https:\/\/api.w.org\/{rel}","templated":true}]}}