{"id":11200,"date":"2026-08-03T12:20:46","date_gmt":"2026-08-03T15:20:46","guid":{"rendered":"https:\/\/radiokissnoticias.com.ar\/web\/?p=11200"},"modified":"2026-08-03T12:20:46","modified_gmt":"2026-08-03T15:20:46","slug":"federacion-correntina-de-bomberos-voluntarios-realizo-acto-de-homenaje-y-reconocimiento","status":"publish","type":"post","link":"https:\/\/radiokissnoticias.com.ar\/web\/2026\/08\/03\/federacion-correntina-de-bomberos-voluntarios-realizo-acto-de-homenaje-y-reconocimiento\/","title":{"rendered":"Federaci\u00f3n Correntina de Bomberos voluntarios realiz\u00f3 acto de homenaje y reconocimiento"},"content":{"rendered":"<p>En la sede de la Federaci\u00f3n Correntina de Bomberos Voluntarios, el pasado s\u00e1bado 1 de agosto, se llev\u00f3 a cabo el Acto de Reconocimiento en Homenaje a la Destacada Trayectoria, Compromiso y Valiosa Gesti\u00f3n en favor del fortalecimiento y desarrollo de los Bomberos Voluntarios.<\/p>\n<p><img loading=\"lazy\" decoding=\"async\" class=\"\" src=\"https:\/\/www.powernoticias.com\/images\/202608031057423714\" width=\"435\" height=\"578\" \/><\/p>\n<p><img loading=\"lazy\" decoding=\"async\" class=\"\" src=\"https:\/\/www.powernoticias.com\/images\/202608031057313170\" width=\"445\" height=\"250\" \/><\/p>\n<p><img loading=\"lazy\" decoding=\"async\" class=\"\" src=\"https:\/\/www.powernoticias.com\/images\/202608031057209049\" width=\"445\" height=\"250\" \/><\/p>\n<p>Integrantes de la Asociaci\u00f3n Goyana de Bomberos Voluntarios fueron reconocidos por su labor, dedicaci\u00f3n y compromiso.<\/p>\n<p>Por la Asociaci\u00f3n de Bomberos Voluntarios de Goya, recibieron su placa de reconocimiento por su trayectoria los ex Presidentes Federativos Sr. Juan Jorge Alegre y el Sr. Manuel Palacios, quienes se desempe\u00f1aron en diferentes per\u00edodos como Presidente de la Federaci\u00f3n Correntina de Bomberos Voluntarios.<\/p>\n<p>C\u00f3mo Director de la Academia Provincial de Capacitaci\u00f3n, recibi\u00f3 su reconocimiento el Comandante Mayor Julio Cesar Bejarano, cabe destacar que el Comandante Mayor, es el actual Director de Capacitaci\u00f3n de Bomberos Voluntarios de la Provincia de Corrientes.<\/p>\n<p>El acto dio inicio a las 11 hs con ingreso de la bandera de ceremonias, entonaci\u00f3n del Himno Nacional Argentino. Posteriormente palabras de bienvenida del Presidente actual Sr Gustavo Zandona de la Asociaci\u00f3n de Mocoret\u00e1.<\/p>\n<p>La ceremonia de reconocimientos inici\u00f3 con la entrega a los familiares de qui\u00e9nes ya no est\u00e1n f\u00edsicamente, continuando con la entrega de aquellos que fueron invitados especialmente para la entrega de la distinci\u00f3n correspondiente.<\/p>\n<p><b>CAPACITACI\u00d3N PARA DIRIGENTES DE BOMBEROS VOLUNTARIOS<br \/>\n<\/b><br \/>\nConcluido el acto de entrega de reconocimientos, la jornada prosigui\u00f3 con una capacitaci\u00f3n para dirigentes de Bomberos Voluntarios de la Provincia de Corrientes, dictada por el Comandante General Osvaldo Lori de la Federaci\u00f3n de Bomberos Voluntarios de la Provincia de Buenos Aires.<\/p>\n<p>Posteriormente y para dar por finalizada la jornada, se descubri\u00f3 la galer\u00eda de placas de Presidentes Federativos y Directores Acad\u00e9micos<\/p>\n<p>Direcci\u00f3n de Prensa-Municipalidad de Goya<\/p>\n","protected":false},"excerpt":{"rendered":"<p>En la sede de la Federaci\u00f3n Correntina de Bomberos Voluntarios, el pasado s\u00e1bado 1 de agosto, se llev\u00f3 a cabo el Acto de Reconocimiento en Homenaje a la Destacada Trayectoria, Compromiso y Valiosa Gesti\u00f3n en favor del fortalecimiento y desarrollo de los Bomberos Voluntarios. Integrantes de la Asociaci\u00f3n Goyana de Bomberos Voluntarios fueron reconocidos por [&hellip;]<\/p>\n","protected":false},"author":2,"featured_media":11201,"comment_status":"open","ping_status":"open","sticky":false,"template":"","format":"standard","meta":{"footnotes":""},"categories":[79],"tags":[],"class_list":["post-11200","post","type-post","status-publish","format-standard","has-post-thumbnail","category-provincia"],"_links":{"self":[{"href":"https:\/\/radiokissnoticias.com.ar\/web\/wp-json\/wp\/v2\/posts\/11200","targetHints":{"allow":["GET"]}}],"collection":[{"href":"https:\/\/radiokissnoticias.com.ar\/web\/wp-json\/wp\/v2\/posts"}],"about":[{"href":"https:\/\/radiokissnoticias.com.ar\/web\/wp-json\/wp\/v2\/types\/post"}],"author":[{"embeddable":true,"href":"https:\/\/radiokissnoticias.com.ar\/web\/wp-json\/wp\/v2\/users\/2"}],"replies":[{"embeddable":true,"href":"https:\/\/radiokissnoticias.com.ar\/web\/wp-json\/wp\/v2\/comments?post=11200"}],"version-history":[{"count":1,"href":"https:\/\/radiokissnoticias.com.ar\/web\/wp-json\/wp\/v2\/posts\/11200\/revisions"}],"predecessor-version":[{"id":11202,"href":"https:\/\/radiokissnoticias.com.ar\/web\/wp-json\/wp\/v2\/posts\/11200\/revisions\/11202"}],"wp:featuredmedia":[{"embeddable":true,"href":"https:\/\/radiokissnoticias.com.ar\/web\/wp-json\/wp\/v2\/media\/11201"}],"wp:attachment":[{"href":"https:\/\/radiokissnoticias.com.ar\/web\/wp-json\/wp\/v2\/media?parent=11200"}],"wp:term":[{"taxonomy":"category","embeddable":true,"href":"https:\/\/radiokissnoticias.com.ar\/web\/wp-json\/wp\/v2\/categories?post=11200"},{"taxonomy":"post_tag","embeddable":true,"href":"https:\/\/radiokissnoticias.com.ar\/web\/wp-json\/wp\/v2\/tags?post=11200"}],"curies":[{"name":"wp","href":"https:\/\/api.w.org\/{rel}","templated":true}]}}