{"id":11193,"date":"2026-08-03T12:13:39","date_gmt":"2026-08-03T15:13:39","guid":{"rendered":"https:\/\/radiokissnoticias.com.ar\/web\/?p=11193"},"modified":"2026-08-03T12:15:38","modified_gmt":"2026-08-03T15:15:38","slug":"elecciones-en-santiago-del-estero-con-el-66-de-los-votos-el-frente-civico-de-zamora-gano-en-todos-los-municipios","status":"publish","type":"post","link":"https:\/\/radiokissnoticias.com.ar\/web\/2026\/08\/03\/elecciones-en-santiago-del-estero-con-el-66-de-los-votos-el-frente-civico-de-zamora-gano-en-todos-los-municipios\/","title":{"rendered":"Elecciones en Santiago del Estero:  Con el 66% de los votos, el Frente C\u00edvico de Zamora gan\u00f3 en todos los municipios"},"content":{"rendered":"<p>La coalici\u00f3n se impuso en los 26 departamentos de Santiago del Estero y ampli\u00f3 su predominio. La Libertad Avanza qued\u00f3 segunda con el 8%<\/p>\n<div>El oficialismo de Santiago del Estero ratific\u00f3 su hegemon\u00eda en la provincia. El Frente C\u00edvico por Santiago, la coalici\u00f3n que lidera el senador nacional Gerardo Zamora, obtuvo el 66% de los votos en el total de las elecciones municipales. Se impuso en los 26 departamentos santiague\u00f1os y consolid\u00f3 una vez m\u00e1s el predominio pol\u00edtico que ejerce desde hace m\u00e1s de dos d\u00e9cadas.<\/div>\n<div><\/div>\n<div>Muy lejos del oficialismo qued\u00f3 La Libertad Avanza, que se ubic\u00f3 como segunda fuerza provincial con el 8% de los votos. El tercer lugar correspondi\u00f3 a Despierta Santiago, con el 7%, mientras que el conjunto de las restantes fuerzas reuni\u00f3 el 19% de los sufragios.<\/div>\n<div><\/div>\n<div>Con esos n\u00fameros, el resultado volvi\u00f3 a reflejar el peso pol\u00edtico del zamorismo, que transform\u00f3 su estructura territorial en una victoria amplia y ratific\u00f3 el liderazgo de un frente provincial que re\u00fane a sectores del radicalismo, el peronismo y fuerzas locales.<\/div>\n<div><\/div>\n<div><b>Capital y La Banda: las dos victorias centrales<\/b><\/div>\n<div>Uno de los triunfos m\u00e1s amplios del oficialismo se registr\u00f3 en la capital santiague\u00f1a. All\u00ed, Mario Benavente fue elegido intendente con el 60,53% de los votos, por delante de la candidata de La Libertad Avanza, Mar\u00eda S. Beatriz Yunes, que obtuvo el 12,29%. M\u00e1s atr\u00e1s quedaron Facundo P\u00e9rez Carletti, de Despierta Santiago, con el 11,09%, y Natalia Neme, de la Uni\u00f3n C\u00edvica Radical, con el 6,03%.<\/div>\n<div><\/div>\n<div>En La Banda, la segunda ciudad m\u00e1s importante de la provincia, el Frente C\u00edvico tambi\u00e9n consigui\u00f3 una victoria amplia. Llamil Abdala fue electo intendente con el 51,60% de los votos y dej\u00f3 atr\u00e1s a Pablo Mirolo, del Frente Renovador y Progresista, que alcanz\u00f3 el 12,53%. Roger Nediani, del Frente Compromiso y Unidad, obtuvo el 11,41%, mientras que Lorena Gladys Baz\u00e1n, de Despierta La Banda, reuni\u00f3 el 8,78%.<\/div>\n<div><\/div>\n<div>En otros municipios de relevancia tambi\u00e9n hubo elecciones competitivas. En Fr\u00edas se impuso N\u00e9stor Humberto Salim, del Frente Justicialista Integraci\u00f3n Municipal, con el 46,63% de los votos, seguido por Carlos M. Bustamante, del Frente Encuentro C\u00edvico, con el 30,59%. Mar\u00eda Elena Figueroa, del Frente Convocatoria Social, obtuvo el 18,26%, mientras que el candidato de La Libertad Avanza, Lucas Sequeira, qued\u00f3 cuarto con el 2,46%.<\/div>\n<div><\/div>\n<div>En Termas de R\u00edo Hondo, el triunfo correspondi\u00f3 a Domingo Gatella, del Partido Justicialista, con el 44,16%, por delante de Paula Silvina C\u00e1nepa, del Frente Encuentro C\u00edvico, que obtuvo el 38,99%. M\u00e1s atr\u00e1s finalizaron Latino Brand\u00e1n, de Convocatoria Social, con el 12,37%, y Dante Lucas Donadel Zimmerman, de La Libertad Avanza, con el 4,48%.<\/div>\n<div><\/div>\n<div>En A\u00f1atuya, Julio Castro, del Frente Partido Justicialista de Integraci\u00f3n Municipal, consigui\u00f3 el 42,92% de los votos y derrot\u00f3 a Rub\u00e9n Timofeijuk, del Frente Encuentro C\u00edvico, que alcanz\u00f3 el 37,08%. La candidata libertaria Eugenia Coppede obtuvo el 11,15%, mientras que Marcelo Galarza, del Frente Mocipro, reuni\u00f3 el 5,46%.<\/div>\n<div><\/div>\n<div>Con los resultados ya consolidados, Gerardo Zamora habl\u00f3 ante la militancia y asegur\u00f3 que el respaldo obtenido en las urnas obliga al oficialismo a profundizar el rumbo pol\u00edtico de la provincia. \u201cTenemos que profundizar como nunca este proyecto de unidad de los santiague\u00f1os, sobre todo en un contexto dif\u00edcil para el pa\u00eds y para la econom\u00eda\u201d, afirm\u00f3 el senador nacional.<\/div>\n<div><\/div>\n<div>En otro tramo de su discurso dej\u00f3 una definici\u00f3n de fuerte contenido pol\u00edtico. \u201cSantiago del Estero no se vende, la patria no se entrega y las Malvinas son argentinas\u201d, expres\u00f3.<\/div>\n<div><\/div>\n<div>El exgobernador tambi\u00e9n destac\u00f3 el desarrollo de la jornada electoral y el nivel de participaci\u00f3n registrado en toda la provincia.<\/div>\n<div><\/div>\n<div>\u201cHa habido una mayor participaci\u00f3n que en las \u00faltimas elecciones municipales y eso es muy bueno para la democracia\u201d, sostuvo.<\/div>\n<div><\/div>\n<div>La elecci\u00f3n tambi\u00e9n volvi\u00f3 a mostrar las dificultades de La Libertad Avanza para trasladar a los comicios locales el caudal electoral que el presidente Javier Milei consigui\u00f3 a nivel nacional. Aunque logr\u00f3 consolidarse como segunda fuerza provincial, el espacio libertario qued\u00f3 58 puntos por debajo del Frente C\u00edvico y no pudo disputar el liderazgo en ninguno de los principales distritos.<\/div>\n<div><\/div>\n<div>La jornada dej\u00f3 adem\u00e1s un hecho in\u00e9dito en la historia democr\u00e1tica santiague\u00f1a. En la ciudad de Bandera, ubicada en el departamento Belgrano, hubo por primera vez una elecci\u00f3n municipal con un \u00fanico candidato a intendente.<\/div>\n<div><\/div>\n<div>Jairo Colaneri, del Frente Encuentro C\u00edvico, fue el \u00fanico postulante habilitado para competir por la jefatura comunal. En esa ciudad estaban habilitados para votar 6.841 electores distribuidos en 20 mesas. Todos los votos afirmativos emitidos fueron para el \u00fanico candidato en competencia, que qued\u00f3 autom\u00e1ticamente consagrado como nuevo intendente.<\/div>\n","protected":false},"excerpt":{"rendered":"<p>La coalici\u00f3n se impuso en los 26 departamentos de Santiago del Estero y ampli\u00f3 su predominio. La Libertad Avanza qued\u00f3 segunda con el 8% El oficialismo de Santiago del Estero ratific\u00f3 su hegemon\u00eda en la provincia. El Frente C\u00edvico por Santiago, la coalici\u00f3n que lidera el senador nacional Gerardo Zamora, obtuvo el 66% de los [&hellip;]<\/p>\n","protected":false},"author":2,"featured_media":11196,"comment_status":"open","ping_status":"open","sticky":false,"template":"","format":"standard","meta":{"footnotes":""},"categories":[81],"tags":[],"class_list":["post-11193","post","type-post","status-publish","format-standard","has-post-thumbnail","category-politica"],"_links":{"self":[{"href":"https:\/\/radiokissnoticias.com.ar\/web\/wp-json\/wp\/v2\/posts\/11193","targetHints":{"allow":["GET"]}}],"collection":[{"href":"https:\/\/radiokissnoticias.com.ar\/web\/wp-json\/wp\/v2\/posts"}],"about":[{"href":"https:\/\/radiokissnoticias.com.ar\/web\/wp-json\/wp\/v2\/types\/post"}],"author":[{"embeddable":true,"href":"https:\/\/radiokissnoticias.com.ar\/web\/wp-json\/wp\/v2\/users\/2"}],"replies":[{"embeddable":true,"href":"https:\/\/radiokissnoticias.com.ar\/web\/wp-json\/wp\/v2\/comments?post=11193"}],"version-history":[{"count":1,"href":"https:\/\/radiokissnoticias.com.ar\/web\/wp-json\/wp\/v2\/posts\/11193\/revisions"}],"predecessor-version":[{"id":11195,"href":"https:\/\/radiokissnoticias.com.ar\/web\/wp-json\/wp\/v2\/posts\/11193\/revisions\/11195"}],"wp:featuredmedia":[{"embeddable":true,"href":"https:\/\/radiokissnoticias.com.ar\/web\/wp-json\/wp\/v2\/media\/11196"}],"wp:attachment":[{"href":"https:\/\/radiokissnoticias.com.ar\/web\/wp-json\/wp\/v2\/media?parent=11193"}],"wp:term":[{"taxonomy":"category","embeddable":true,"href":"https:\/\/radiokissnoticias.com.ar\/web\/wp-json\/wp\/v2\/categories?post=11193"},{"taxonomy":"post_tag","embeddable":true,"href":"https:\/\/radiokissnoticias.com.ar\/web\/wp-json\/wp\/v2\/tags?post=11193"}],"curies":[{"name":"wp","href":"https:\/\/api.w.org\/{rel}","templated":true}]}}