{"id":11172,"date":"2026-08-03T02:11:49","date_gmt":"2026-08-03T05:11:49","guid":{"rendered":"https:\/\/radiokissnoticias.com.ar\/web\/?p=11172"},"modified":"2026-08-03T02:11:49","modified_gmt":"2026-08-03T05:11:49","slug":"gdor-virasoro-dos-muertos-tras-el-choque-entre-una-moto-y-una-camioneta-guiada-por-una-menor","status":"publish","type":"post","link":"https:\/\/radiokissnoticias.com.ar\/web\/2026\/08\/03\/gdor-virasoro-dos-muertos-tras-el-choque-entre-una-moto-y-una-camioneta-guiada-por-una-menor\/","title":{"rendered":"Gdor. Virasoro: dos muertos tras el choque entre una moto y una camioneta guiada por una menor"},"content":{"rendered":"<p>Sucedi\u00f3 durante la madrugada del domingo en cercan\u00edas del Parque San Alonso, en la zona de Gobernador Virasoro. Un joven de 25 a\u00f1os y una chica de 17 que iban en el rodado menor murieron en el acto. La conductora del veh\u00edculo de mayor porte, tambi\u00e9n de 17 a\u00f1os, viajaba con dos acompa\u00f1antes que resultaron heridos.<\/p>\n<p>La Ruta Nacional N\u00ba 14 volvi\u00f3 a ser escenario de una tragedia vial en las primeras horas de este domingo. Un choque violento entre una motocicleta y una camioneta se cobr\u00f3 la vida de dos personas de forma instant\u00e1nea a la altura del Parque San Alonso, en inmediaciones de la escuela del lugar y dentro de la jurisdicci\u00f3n de la Comisar\u00eda Tercera de Gobernador Virasoro.<\/p>\n<p>El siniestro se registr\u00f3 exactamente a las 2.35 de la madrugada, cuando por causas y circunstancias que la Polic\u00eda de Corrientes busca precisar, ambos veh\u00edculos colisionaron de manera frontal y a gran velocidad sobre el corredor vial.<\/p>\n<p><b>Impacto fatal<\/b><\/p>\n<div>El fuerte encontronazo involucr\u00f3 a una motocicleta Honda CG Tit\u00e1n de color negra y a una camioneta Toyota de color blanca. El veh\u00edculo menor circulaba en sentido norte-sur, mientras que el utilitario se desplazaba en direcci\u00f3n opuesta (sur-norte), seg\u00fan una publicaci\u00f3n de digitalsantotome.com.ar.<\/p>\n<p>Debido a la magnitud del impacto, los dos ocupantes de la moto salieron despedidos y sus cuerpos quedaron tendidos sin vida sobre la banquina. Las autoridades identificaron formalmente a las v\u00edctimas fatales como Jorge Daniel Fern\u00e1ndez, de 25 a\u00f1os, y su acompa\u00f1ante, una adolescente de 17 a\u00f1os, ambos con domicilio en la zona.<\/p><\/div>\n<div>\nEn tanto, el rodado de mayor porte era conducido por una menor de edad, de 17 a\u00f1os, quien al momento del choque viajaba acompa\u00f1ada por otras dos personas.<\/div>\n<div><\/div>\n<div>\n<div><b>Operativo e intervenci\u00f3n judicial<\/b><\/div>\n<div>\nAl arribar las patrullas de emergencia y la fuerza de seguridad, se constat\u00f3 que los tres ocupantes de la camioneta presentaban lesiones de diversa consideraci\u00f3n. De inmediato se dispuso su traslado de urgencia hacia el hospital de Virasoro para recibir asistencia m\u00e9dica.<\/div>\n<div>\nEn la escena del hecho se mont\u00f3 un operativo preventivo de seguridad para coordinar el tr\u00e1nsito y posibilitar la labor de los peritos. Ante la condici\u00f3n de menor de la conductora de la camioneta, tom\u00f3 intervenci\u00f3n el Juzgado de Menores de la circunscripci\u00f3n junto con la fiscal\u00eda de instrucci\u00f3n en turno, desde donde se ordenaron las actuaciones judiciales e investigaci\u00f3n del tr\u00e1gico suceso.<\/div>\n<\/div>\n","protected":false},"excerpt":{"rendered":"<p>Sucedi\u00f3 durante la madrugada del domingo en cercan\u00edas del Parque San Alonso, en la zona de Gobernador Virasoro. Un joven de 25 a\u00f1os y una chica de 17 que iban en el rodado menor murieron en el acto. La conductora del veh\u00edculo de mayor porte, tambi\u00e9n de 17 a\u00f1os, viajaba con dos acompa\u00f1antes que resultaron [&hellip;]<\/p>\n","protected":false},"author":2,"featured_media":11173,"comment_status":"open","ping_status":"open","sticky":false,"template":"","format":"standard","meta":{"footnotes":""},"categories":[82],"tags":[],"class_list":["post-11172","post","type-post","status-publish","format-standard","has-post-thumbnail","category-policiales"],"_links":{"self":[{"href":"https:\/\/radiokissnoticias.com.ar\/web\/wp-json\/wp\/v2\/posts\/11172","targetHints":{"allow":["GET"]}}],"collection":[{"href":"https:\/\/radiokissnoticias.com.ar\/web\/wp-json\/wp\/v2\/posts"}],"about":[{"href":"https:\/\/radiokissnoticias.com.ar\/web\/wp-json\/wp\/v2\/types\/post"}],"author":[{"embeddable":true,"href":"https:\/\/radiokissnoticias.com.ar\/web\/wp-json\/wp\/v2\/users\/2"}],"replies":[{"embeddable":true,"href":"https:\/\/radiokissnoticias.com.ar\/web\/wp-json\/wp\/v2\/comments?post=11172"}],"version-history":[{"count":1,"href":"https:\/\/radiokissnoticias.com.ar\/web\/wp-json\/wp\/v2\/posts\/11172\/revisions"}],"predecessor-version":[{"id":11174,"href":"https:\/\/radiokissnoticias.com.ar\/web\/wp-json\/wp\/v2\/posts\/11172\/revisions\/11174"}],"wp:featuredmedia":[{"embeddable":true,"href":"https:\/\/radiokissnoticias.com.ar\/web\/wp-json\/wp\/v2\/media\/11173"}],"wp:attachment":[{"href":"https:\/\/radiokissnoticias.com.ar\/web\/wp-json\/wp\/v2\/media?parent=11172"}],"wp:term":[{"taxonomy":"category","embeddable":true,"href":"https:\/\/radiokissnoticias.com.ar\/web\/wp-json\/wp\/v2\/categories?post=11172"},{"taxonomy":"post_tag","embeddable":true,"href":"https:\/\/radiokissnoticias.com.ar\/web\/wp-json\/wp\/v2\/tags?post=11172"}],"curies":[{"name":"wp","href":"https:\/\/api.w.org\/{rel}","templated":true}]}}