{"id":11117,"date":"2026-08-01T21:30:42","date_gmt":"2026-08-02T00:30:42","guid":{"rendered":"https:\/\/radiokissnoticias.com.ar\/web\/?p=11117"},"modified":"2026-08-01T21:30:42","modified_gmt":"2026-08-02T00:30:42","slug":"corrientes-inicia-la-semana-mundial-de-la-lactancia-materna-con-actividades-de-concientizacion-y-promocion","status":"publish","type":"post","link":"https:\/\/radiokissnoticias.com.ar\/web\/2026\/08\/01\/corrientes-inicia-la-semana-mundial-de-la-lactancia-materna-con-actividades-de-concientizacion-y-promocion\/","title":{"rendered":"Corrientes inicia la Semana Mundial de la Lactancia Materna con actividades de concientizaci\u00f3n y promoci\u00f3n"},"content":{"rendered":"<p>Del 1 al 7 de agosto se desarrollar\u00e1n charlas, jornadas de capacitaci\u00f3n y acciones de sensibilizaci\u00f3n en el Hospital Materno Neonatal &#8220;Elo\u00edsa Torrent de Vidal&#8221;. La Provincia adem\u00e1s fortalece el trabajo del Banco de Leche Humana, una herramienta clave para la atenci\u00f3n de beb\u00e9s prematuros y de alto riesgo.<\/p>\n<p>En el marco de la Semana Mundial de la Lactancia Materna, que se conmemora del 1 al 7 de agosto, el Ministerio de Salud P\u00fablica de Corrientes llevar\u00e1 adelante una serie de actividades destinadas a promover, proteger y apoyar la lactancia materna como pr\u00e1ctica fundamental para la salud de madres y reci\u00e9n nacidos. Bajo el lema &#8220;Lactancia materna: un inicio sostenible en cualquier circunstancia. Fortalezcamos las acciones que funcionan&#8221;, las propuestas estar\u00e1n a cargo del Hospital Materno Neonatal &#8220;Elo\u00edsa Torrent de Vidal&#8221;, la Residencia de Nutrici\u00f3n y el Banco de Leche Humana de Corrientes.<\/p>\n<p>La apertura oficial ser\u00e1 este lunes 3 de agosto a las 8.30 horas, en los consultorios externos del hospital. Durante la jornada se realizar\u00e1 una charla sobre el lema de este a\u00f1o y la presentaci\u00f3n de la Semana Mundial de la Lactancia Materna junto con una muestra en el recinto de la Honorable C\u00e1mara de Diputados de la Provincia.<\/p>\n<p>El martes 4, a las 9, en el hall del \u00c1rea de Bajo Riesgo, la Residencia de Nutrici\u00f3n Materno Neonatal e Infantil brindar\u00e1 la charla &#8220;Soberan\u00eda alimentaria del reci\u00e9n nacido y lactante&#8221;. El mi\u00e9rcoles 5, tambi\u00e9n a las 9 horas y en el mismo espacio, el Servicio de Enfermer\u00eda abordar\u00e1 el tema &#8220;La \u00e9tica del cuidado: c\u00f3mo ayudamos a mantener niveles adecuados de oxitocina con nuestras intervenciones&#8221;.<\/p>\n<p>Las actividades continuar\u00e1n el jueves 6 de agosto con dos propuestas. A las 9, el Servicio de Tocoginecolog\u00eda ofrecer\u00e1 una charla sobre &#8220;Lactancia materna en el embarazo de alto riesgo&#8221; y, en el horario de las 10, el Servicio de Salud Mental disertar\u00e1 sobre &#8220;Sost\u00e9n emocional en la separaci\u00f3n de la mam\u00e1 y el beb\u00e9&#8221;.<\/p>\n<p>El cierre ser\u00e1 el viernes 7, cuando a las 9 horas se descubra un mural realizado por alumnos del Colegio Secundario &#8220;Carlos Alberto Castellan&#8221; de Mariano I. Loza. Luego, a las 10, el Servicio de Neonatolog\u00eda brindar\u00e1 la charla &#8220;Lactancia en neonatolog\u00eda: la leche humana como medicamento y protecci\u00f3n en situaciones cr\u00edticas&#8221;. Finalmente, a las 11, se realizar\u00e1 el acto de clausura en el recinto de la Honorable C\u00e1mara de Diputados de la Provincia.<\/p>\n<p>Cabe destacar que la Semana Mundial busca reforzar estrategias que demostraron un impacto positivo en la salud infantil. Entre ellas, se destaca la importancia de iniciar la lactancia durante la primera hora de vida, una pr\u00e1ctica que reduce riesgos y favorece el v\u00ednculo de alimentaci\u00f3n entre madre e hijo.<\/p>\n<p>Asimismo, se pone en valor el trabajo de los bancos de leche humana y de la red de donaci\u00f3n, que garantizan leche materna pasteurizada para beb\u00e9s prematuros o de bajo peso, adem\u00e1s del acompa\u00f1amiento profesional a las familias durante las primeras semanas posteriores al nacimiento.<\/p>\n<p><b>Banco de Leche Humana<\/b><\/p>\n<p>Corrientes cuenta desde 2018 con un Banco de Leche Humana, instituci\u00f3n encargada de recolectar, procesar, pasteurizar y distribuir leche materna donada para la alimentaci\u00f3n segura de reci\u00e9n nacidos prematuros o con condiciones de salud que requieren cuidados especiales.<\/p>\n<p>La provincia integra la Red Iberoamericana de Bancos de Leche Humana y es una de las 10 jurisdicciones del pa\u00eds que dispone de este servicio. Adem\u00e1s, posee una red conformada por 46 centros de recolecci\u00f3n, ocho centros de lactancia y 16 Espacios Amigos de la Lactancia Materna distribuidos en Capital y el interior correntino.<\/p>\n","protected":false},"excerpt":{"rendered":"<p>Del 1 al 7 de agosto se desarrollar\u00e1n charlas, jornadas de capacitaci\u00f3n y acciones de sensibilizaci\u00f3n en el Hospital Materno Neonatal &#8220;Elo\u00edsa Torrent de Vidal&#8221;. La Provincia adem\u00e1s fortalece el trabajo del Banco de Leche Humana, una herramienta clave para la atenci\u00f3n de beb\u00e9s prematuros y de alto riesgo. En el marco de la Semana [&hellip;]<\/p>\n","protected":false},"author":2,"featured_media":11118,"comment_status":"open","ping_status":"open","sticky":false,"template":"","format":"standard","meta":{"footnotes":""},"categories":[79],"tags":[],"class_list":["post-11117","post","type-post","status-publish","format-standard","has-post-thumbnail","category-provincia"],"_links":{"self":[{"href":"https:\/\/radiokissnoticias.com.ar\/web\/wp-json\/wp\/v2\/posts\/11117","targetHints":{"allow":["GET"]}}],"collection":[{"href":"https:\/\/radiokissnoticias.com.ar\/web\/wp-json\/wp\/v2\/posts"}],"about":[{"href":"https:\/\/radiokissnoticias.com.ar\/web\/wp-json\/wp\/v2\/types\/post"}],"author":[{"embeddable":true,"href":"https:\/\/radiokissnoticias.com.ar\/web\/wp-json\/wp\/v2\/users\/2"}],"replies":[{"embeddable":true,"href":"https:\/\/radiokissnoticias.com.ar\/web\/wp-json\/wp\/v2\/comments?post=11117"}],"version-history":[{"count":2,"href":"https:\/\/radiokissnoticias.com.ar\/web\/wp-json\/wp\/v2\/posts\/11117\/revisions"}],"predecessor-version":[{"id":11120,"href":"https:\/\/radiokissnoticias.com.ar\/web\/wp-json\/wp\/v2\/posts\/11117\/revisions\/11120"}],"wp:featuredmedia":[{"embeddable":true,"href":"https:\/\/radiokissnoticias.com.ar\/web\/wp-json\/wp\/v2\/media\/11118"}],"wp:attachment":[{"href":"https:\/\/radiokissnoticias.com.ar\/web\/wp-json\/wp\/v2\/media?parent=11117"}],"wp:term":[{"taxonomy":"category","embeddable":true,"href":"https:\/\/radiokissnoticias.com.ar\/web\/wp-json\/wp\/v2\/categories?post=11117"},{"taxonomy":"post_tag","embeddable":true,"href":"https:\/\/radiokissnoticias.com.ar\/web\/wp-json\/wp\/v2\/tags?post=11117"}],"curies":[{"name":"wp","href":"https:\/\/api.w.org\/{rel}","templated":true}]}}