{"id":11112,"date":"2026-08-01T20:53:34","date_gmt":"2026-08-01T23:53:34","guid":{"rendered":"https:\/\/radiokissnoticias.com.ar\/web\/?p=11112"},"modified":"2026-08-01T21:08:25","modified_gmt":"2026-08-02T00:08:25","slug":"felix-pacayut-destaco-la-agenda-territorial-y-politica-del-peronismo-capitalino","status":"publish","type":"post","link":"https:\/\/radiokissnoticias.com.ar\/web\/2026\/08\/01\/felix-pacayut-destaco-la-agenda-territorial-y-politica-del-peronismo-capitalino\/","title":{"rendered":"Felix Pacayut destac\u00f3 la agenda territorial y pol\u00edtica del peronismo capitalino"},"content":{"rendered":"<p>El presidente del Consejo Capital del Partido Justicialista, F\u00e9lix Pacayut, inform\u00f3 que el distrito desarrolla actividades barriales y reuniones con t\u00e9cnicos. Afirm\u00f3 que los tres diputados nacionales peronistas de Corrientes trabajan de manera conjunta y confirm\u00f3 la pr\u00f3xima visita del ministro bonaerense Javier Rodr\u00edguez a Goya y Santa Luc\u00eda.<\/p>\n<p>El presidente del Consejo Capital del Partido Justicialista, F\u00e9lix Pacayut, se\u00f1al\u00f3 que el espacio contin\u00faa desarrollando tareas de organizaci\u00f3n interna mientras mantiene una agenda vinculada a las demandas de la comunidad.<\/p>\n<p>Explic\u00f3 que el trabajo partidario se concentra tanto en el seguimiento de la labor de los concejales como en el abordaje de las problem\u00e1ticas cotidianas de los vecinos de la ciudad de Corrientes. &#8220;Estamos con temas que hacen al quehacer cotidiano del vecino de Corrientes, a la marcha del trabajo de los concejales y, sobre todo, preparando con un ojo puesto siempre en la mirada de la necesidad del vecino de Corrientes en cuanto a las necesidades cotidianas que hacen de nuestras familias, como lo que tiene que ver a las cuestiones municipales y comunitarias&#8221;, indic\u00f3.<\/p>\n<p>Pacayut sostuvo que, adem\u00e1s de las tareas territoriales, el Partido Justicialista mantiene una planificaci\u00f3n pol\u00edtica de mediano plazo con vistas a las elecciones presidenciales de 2027. En ese sentido, indic\u00f3 que el pr\u00f3ximo proceso electoral tendr\u00e1 una relevancia central para el pa\u00eds por el modelo pol\u00edtico que estar\u00e1 en discusi\u00f3n.<\/p>\n<p>&#8220;Como somos gente que tambi\u00e9n se dedica a la militancia pol\u00edtica, con otro ojo puesto tambi\u00e9n en 2027 en lo que va a ser la elecci\u00f3n presidencial. No es un dato menor para los argentinos ni los correntinos, porque lo que est\u00e1 en juego claramente es un modelo de pa\u00eds&#8221;, expres\u00f3.<\/p>\n<p>En ese marco, el dirigente formul\u00f3 cr\u00edticas a la gesti\u00f3n nacional y expres\u00f3 su rechazo al rumbo pol\u00edtico y econ\u00f3mico del Gobierno. &#8220;Sin dudas, este que se est\u00e1 llevando hace casi 3 a\u00f1os no nos gusta, no nos representa, no incluye al 95% de los argentinos. D\u00eda a d\u00eda realiza acciones que son dignas de llenarnos de verg\u00fcenza. Cuando se trata del presidente son actos vergonzantes para el conjunto del pueblo argentino y cuando se trata de sus funcionarios son actos perjudiciales para el pueblo&#8221;, sostuvo.<\/p>\n<p>Asimismo, cuestion\u00f3 el tratamiento legislativo de una iniciativa vinculada a la propiedad de la tierra y afirm\u00f3 que &#8220;la propiedad privada es inviolable desde 1853 por la Constituci\u00f3n Nacional; lo que est\u00e1n sacando es una ley que permite la extranjerizaci\u00f3n absoluta de las tierras en nuestro pa\u00eds&#8221;.<\/p>\n<p>REPRESENTACI\u00d3N LEGISLATIVA Y ACTIVIDAD DEL PERONISMO<\/p>\n<p>Consultado sobre la convivencia de distintos sectores internos del peronismo correntino, Pacayut afirm\u00f3 que los representantes nacionales del espacio mantienen un trabajo coordinado m\u00e1s all\u00e1 de las diferencias de posicionamiento pol\u00edtico.<\/p>\n<p>&#8220;Los tres diputados nacionales que tenemos en el peronismo correntino trabajan conjuntamente. Cada uno de ellos tiene un posicionamiento interno o mirada de probables candidatos distinta, pero est\u00e1n trabajando en conjunto como lo hace la totalidad de quienes contin\u00faan en el bloque de Uni\u00f3n por la Patria&#8221;, afirm\u00f3.<\/p>\n<p>El presidente del Consejo Capital consider\u00f3 que esa tarea com\u00fan refleja una representaci\u00f3n institucional orientada a la defensa de los intereses provinciales. &#8220;Esto es un dato muy bueno porque habla de que los legisladores correntinos electos tienen en claro que est\u00e1n juntos representando los intereses del pueblo correntino&#8221;., sostuvo.<\/p>\n<p>Al mismo tiempo, cuestion\u00f3 el desempe\u00f1o de otros espacios pol\u00edticos al se\u00f1alar que &#8220;las otras fuerzas lo que tienen que hacer es dejar de alinearse con el presidente Milei y votar en funci\u00f3n de los intereses exclusivos de los correntinos&#8221;.<\/p>\n<p>Tambi\u00e9n expres\u00f3 que &#8220;La Libertad Avanza l\u00f3gicamente vota en funci\u00f3n de los intereses de Milei&#8221; y sostuvo que el oficialismo provincial &#8220;casi nunca&#8221; vota &#8220;en funci\u00f3n de los intereses del pueblo correntino&#8221;.<\/p>\n<p>En relaci\u00f3n con la din\u00e1mica interna del peronismo nacional, Pacayut hizo referencia a la situaci\u00f3n de distintos dirigentes y a la continuidad de la actividad pol\u00edtica del espacio. &#8220;Cristina est\u00e1 injustamente cumpliendo una condena&#8221;.<\/p>\n<p>&#8220;Massa siempre est\u00e1 en campa\u00f1a, aunque no se lo vea&#8221;, agreg\u00f3, confirmando que el ministro de Producci\u00f3n de la provincia de Buenos Aires, Javier Rodr\u00edguez, participar\u00e1 durante la pr\u00f3xima semana de actividades en Goya y Santa Luc\u00eda junto a productores y t\u00e9cnicos vinculados al sector agropecuario.<\/p>\n","protected":false},"excerpt":{"rendered":"<p>El presidente del Consejo Capital del Partido Justicialista, F\u00e9lix Pacayut, inform\u00f3 que el distrito desarrolla actividades barriales y reuniones con t\u00e9cnicos. Afirm\u00f3 que los tres diputados nacionales peronistas de Corrientes trabajan de manera conjunta y confirm\u00f3 la pr\u00f3xima visita del ministro bonaerense Javier Rodr\u00edguez a Goya y Santa Luc\u00eda. El presidente del Consejo Capital del [&hellip;]<\/p>\n","protected":false},"author":2,"featured_media":11116,"comment_status":"open","ping_status":"open","sticky":false,"template":"","format":"standard","meta":{"footnotes":""},"categories":[81],"tags":[],"class_list":["post-11112","post","type-post","status-publish","format-standard","has-post-thumbnail","category-politica"],"_links":{"self":[{"href":"https:\/\/radiokissnoticias.com.ar\/web\/wp-json\/wp\/v2\/posts\/11112","targetHints":{"allow":["GET"]}}],"collection":[{"href":"https:\/\/radiokissnoticias.com.ar\/web\/wp-json\/wp\/v2\/posts"}],"about":[{"href":"https:\/\/radiokissnoticias.com.ar\/web\/wp-json\/wp\/v2\/types\/post"}],"author":[{"embeddable":true,"href":"https:\/\/radiokissnoticias.com.ar\/web\/wp-json\/wp\/v2\/users\/2"}],"replies":[{"embeddable":true,"href":"https:\/\/radiokissnoticias.com.ar\/web\/wp-json\/wp\/v2\/comments?post=11112"}],"version-history":[{"count":1,"href":"https:\/\/radiokissnoticias.com.ar\/web\/wp-json\/wp\/v2\/posts\/11112\/revisions"}],"predecessor-version":[{"id":11114,"href":"https:\/\/radiokissnoticias.com.ar\/web\/wp-json\/wp\/v2\/posts\/11112\/revisions\/11114"}],"wp:featuredmedia":[{"embeddable":true,"href":"https:\/\/radiokissnoticias.com.ar\/web\/wp-json\/wp\/v2\/media\/11116"}],"wp:attachment":[{"href":"https:\/\/radiokissnoticias.com.ar\/web\/wp-json\/wp\/v2\/media?parent=11112"}],"wp:term":[{"taxonomy":"category","embeddable":true,"href":"https:\/\/radiokissnoticias.com.ar\/web\/wp-json\/wp\/v2\/categories?post=11112"},{"taxonomy":"post_tag","embeddable":true,"href":"https:\/\/radiokissnoticias.com.ar\/web\/wp-json\/wp\/v2\/tags?post=11112"}],"curies":[{"name":"wp","href":"https:\/\/api.w.org\/{rel}","templated":true}]}}