{"id":11109,"date":"2026-08-01T20:45:49","date_gmt":"2026-08-01T23:45:49","guid":{"rendered":"https:\/\/radiokissnoticias.com.ar\/web\/?p=11109"},"modified":"2026-08-01T20:45:49","modified_gmt":"2026-08-01T23:45:49","slug":"diogenes-de-urquiza-renuncio-a-deportes-con-duras-criticas-a-la-interna-del-gobierno","status":"publish","type":"post","link":"https:\/\/radiokissnoticias.com.ar\/web\/2026\/08\/01\/diogenes-de-urquiza-renuncio-a-deportes-con-duras-criticas-a-la-interna-del-gobierno\/","title":{"rendered":"Di\u00f3genes de Urquiza renunci\u00f3 a Deportes con duras cr\u00edticas a la interna del Gobierno"},"content":{"rendered":"<p>El ex funcionario dej\u00f3 la Subsecretar\u00eda de Deportes y el ENARD tras la reestructuraci\u00f3n que volvi\u00f3 a ubicar el \u00e1rea bajo la \u00f3rbita de Daniel Scioli.<\/p>\n<p>En un nuevo foco de tensi\u00f3n pol\u00edtica dentro del Gabinete, Di\u00f3genes de Urquiza present\u00f3 su renuncia como subsecretario de Deportes de la Naci\u00f3n y a su cargo al frente del Ente Nacional de Alto Rendimiento Deportivo (ENARD). Su salida se desencaden\u00f3 luego de modificarse la estructura administrativa en el Bolet\u00edn Oficial, la cual devolvi\u00f3 a la Subsecretar\u00eda de Deportes al \u00e1mbito de la Secretar\u00eda de Turismo, Ambiente y Deportes liderada por Daniel Scioli, tras un per\u00edodo respondiendo directamente a Jefatura de Gabinete.<\/p>\n<p>Dirigente de estrecha confianza de Mauricio Macri, De Urquiza manten\u00eda una relaci\u00f3n distante con Scioli, lo que aceler\u00f3 su alejamiento definitivo del Ejecutivo nacional.<\/p>\n<p>Las frases destacadas de su carta a Javier Milei<\/p>\n<p>A trav\u00e9s de una misiva dirigida al presidente de la Naci\u00f3n, el exfuncionario argument\u00f3 que el contexto y las diferencias de visi\u00f3n le impidieron continuar en las funciones desempe\u00f1adas desde julio de 2024:<\/p>\n<p>Cr\u00edticas a la interna: &#8220;Vine con la convicci\u00f3n de enfrentar las viejas pr\u00e1cticas que tanto da\u00f1o le hicieron al Estado y colaborar con erradicar la casta. Pero mi experiencia me demuestra que muchas de esas resistencias no siempre est\u00e1n afuera; sino adentro.&#8221;<\/p>\n<p>Falta de respaldo: &#8220;El verdadero cambio no depende \u00fanicamente de quien firma una decisi\u00f3n, sino tambi\u00e9n del respaldo institucional para sostenerla.&#8221;<br \/>\nDivergencia de rumbo: &#8220;La coherencia exige saber dar un paso al costado cuando las convicciones personales y profesionales ya no coinciden con el rumbo elegido.&#8221;<\/p>\n<p>Balance de gesti\u00f3n<\/p>\n<p>Pese a los desencuentros pol\u00edticos, De Urquiza remarc\u00f3 haber cumplido los objetivos fijados al asumir. Entre los principales hitos de su administraci\u00f3n destac\u00f3:<\/p>\n<p>Reorganizaci\u00f3n del sistema de becas para deportistas de alto rendimiento y la regularizaci\u00f3n de entidades y federaciones deportivas.<\/p>\n<p>Obras de infraestructura en comedores y plazas hoteleras destinadas a atletas.<br \/>\nInnovaci\u00f3n tecnol\u00f3gica: La implementaci\u00f3n de herramientas de Inteligencia Artificial aplicadas al an\u00e1lisis y rendimiento deportivo, iniciativa que obtuvo reconocimiento internacional.<\/p>\n<p>En el cierre de su carta, el ex subsecretario agradeci\u00f3 la confianza brindada tanto a Javier Milei como a Mauricio Macri, dese\u00e1ndoles \u00e9xito en la continuidad de la gesti\u00f3n p\u00fablica.<\/p>\n","protected":false},"excerpt":{"rendered":"<p>El ex funcionario dej\u00f3 la Subsecretar\u00eda de Deportes y el ENARD tras la reestructuraci\u00f3n que volvi\u00f3 a ubicar el \u00e1rea bajo la \u00f3rbita de Daniel Scioli. En un nuevo foco de tensi\u00f3n pol\u00edtica dentro del Gabinete, Di\u00f3genes de Urquiza present\u00f3 su renuncia como subsecretario de Deportes de la Naci\u00f3n y a su cargo al frente [&hellip;]<\/p>\n","protected":false},"author":2,"featured_media":11110,"comment_status":"open","ping_status":"open","sticky":false,"template":"","format":"standard","meta":{"footnotes":""},"categories":[81],"tags":[],"class_list":["post-11109","post","type-post","status-publish","format-standard","has-post-thumbnail","category-politica"],"_links":{"self":[{"href":"https:\/\/radiokissnoticias.com.ar\/web\/wp-json\/wp\/v2\/posts\/11109","targetHints":{"allow":["GET"]}}],"collection":[{"href":"https:\/\/radiokissnoticias.com.ar\/web\/wp-json\/wp\/v2\/posts"}],"about":[{"href":"https:\/\/radiokissnoticias.com.ar\/web\/wp-json\/wp\/v2\/types\/post"}],"author":[{"embeddable":true,"href":"https:\/\/radiokissnoticias.com.ar\/web\/wp-json\/wp\/v2\/users\/2"}],"replies":[{"embeddable":true,"href":"https:\/\/radiokissnoticias.com.ar\/web\/wp-json\/wp\/v2\/comments?post=11109"}],"version-history":[{"count":1,"href":"https:\/\/radiokissnoticias.com.ar\/web\/wp-json\/wp\/v2\/posts\/11109\/revisions"}],"predecessor-version":[{"id":11111,"href":"https:\/\/radiokissnoticias.com.ar\/web\/wp-json\/wp\/v2\/posts\/11109\/revisions\/11111"}],"wp:featuredmedia":[{"embeddable":true,"href":"https:\/\/radiokissnoticias.com.ar\/web\/wp-json\/wp\/v2\/media\/11110"}],"wp:attachment":[{"href":"https:\/\/radiokissnoticias.com.ar\/web\/wp-json\/wp\/v2\/media?parent=11109"}],"wp:term":[{"taxonomy":"category","embeddable":true,"href":"https:\/\/radiokissnoticias.com.ar\/web\/wp-json\/wp\/v2\/categories?post=11109"},{"taxonomy":"post_tag","embeddable":true,"href":"https:\/\/radiokissnoticias.com.ar\/web\/wp-json\/wp\/v2\/tags?post=11109"}],"curies":[{"name":"wp","href":"https:\/\/api.w.org\/{rel}","templated":true}]}}