{"id":11106,"date":"2026-08-01T20:32:35","date_gmt":"2026-08-01T23:32:35","guid":{"rendered":"https:\/\/radiokissnoticias.com.ar\/web\/?p=11106"},"modified":"2026-08-01T20:32:35","modified_gmt":"2026-08-01T23:32:35","slug":"suspenden-el-goya-taco-y-suela-previsto-para-este-domingo-en-la-plaza-alfonsin","status":"publish","type":"post","link":"https:\/\/radiokissnoticias.com.ar\/web\/2026\/08\/01\/suspenden-el-goya-taco-y-suela-previsto-para-este-domingo-en-la-plaza-alfonsin\/","title":{"rendered":"Suspenden &#8220;El Goya, Taco y Suela&#8221; previsto para este domingo en la plaza Alfons\u00edn"},"content":{"rendered":"<p>La iniciativa llevada adelante por la Secretar\u00eda de Turismo, qued\u00f3 sin efecto para el 9 de agosto debido a que estaba previsto que se realice en la plaza presidente Ra\u00fal Alfons\u00edn del B\u00b0 San Ram\u00f3n este domingo con la presencia de m\u00fasicos y bailarines locales, de acuerdo a la comunicaci\u00f3n publicada en la redes del municipio.<\/p>\n<p>&nbsp;<\/p>\n","protected":false},"excerpt":{"rendered":"<p>La iniciativa llevada adelante por la Secretar\u00eda de Turismo, qued\u00f3 sin efecto para el 9 de agosto debido a que estaba previsto que se realice en la plaza presidente Ra\u00fal Alfons\u00edn del B\u00b0 San Ram\u00f3n este domingo con la presencia de m\u00fasicos y bailarines locales, de acuerdo a la comunicaci\u00f3n publicada en la redes del [&hellip;]<\/p>\n","protected":false},"author":2,"featured_media":11107,"comment_status":"open","ping_status":"open","sticky":false,"template":"","format":"standard","meta":{"footnotes":""},"categories":[77],"tags":[],"class_list":["post-11106","post","type-post","status-publish","format-standard","has-post-thumbnail","category-local"],"_links":{"self":[{"href":"https:\/\/radiokissnoticias.com.ar\/web\/wp-json\/wp\/v2\/posts\/11106","targetHints":{"allow":["GET"]}}],"collection":[{"href":"https:\/\/radiokissnoticias.com.ar\/web\/wp-json\/wp\/v2\/posts"}],"about":[{"href":"https:\/\/radiokissnoticias.com.ar\/web\/wp-json\/wp\/v2\/types\/post"}],"author":[{"embeddable":true,"href":"https:\/\/radiokissnoticias.com.ar\/web\/wp-json\/wp\/v2\/users\/2"}],"replies":[{"embeddable":true,"href":"https:\/\/radiokissnoticias.com.ar\/web\/wp-json\/wp\/v2\/comments?post=11106"}],"version-history":[{"count":1,"href":"https:\/\/radiokissnoticias.com.ar\/web\/wp-json\/wp\/v2\/posts\/11106\/revisions"}],"predecessor-version":[{"id":11108,"href":"https:\/\/radiokissnoticias.com.ar\/web\/wp-json\/wp\/v2\/posts\/11106\/revisions\/11108"}],"wp:featuredmedia":[{"embeddable":true,"href":"https:\/\/radiokissnoticias.com.ar\/web\/wp-json\/wp\/v2\/media\/11107"}],"wp:attachment":[{"href":"https:\/\/radiokissnoticias.com.ar\/web\/wp-json\/wp\/v2\/media?parent=11106"}],"wp:term":[{"taxonomy":"category","embeddable":true,"href":"https:\/\/radiokissnoticias.com.ar\/web\/wp-json\/wp\/v2\/categories?post=11106"},{"taxonomy":"post_tag","embeddable":true,"href":"https:\/\/radiokissnoticias.com.ar\/web\/wp-json\/wp\/v2\/tags?post=11106"}],"curies":[{"name":"wp","href":"https:\/\/api.w.org\/{rel}","templated":true}]}}