{"id":11103,"date":"2026-08-01T20:27:40","date_gmt":"2026-08-01T23:27:40","guid":{"rendered":"https:\/\/radiokissnoticias.com.ar\/web\/?p=11103"},"modified":"2026-08-01T20:27:40","modified_gmt":"2026-08-01T23:27:40","slug":"tragedia-en-la-ruta-14-dos-muertos-tras-un-choque-frontal-cerca-de-santo-tome","status":"publish","type":"post","link":"https:\/\/radiokissnoticias.com.ar\/web\/2026\/08\/01\/tragedia-en-la-ruta-14-dos-muertos-tras-un-choque-frontal-cerca-de-santo-tome\/","title":{"rendered":"Tragedia en la Ruta 14: dos muertos tras un choque frontal cerca de Santo Tom\u00e9"},"content":{"rendered":"<p>Este s\u00e1bado, se produjo un violento choque frontal entre un autom\u00f3vil y un transporte de cargas pesadas que dej\u00f3 como saldo dos personas fallecidas y otras dos heridas de gravedad. El episodio ocurri\u00f3 alrededor del mediod\u00eda sobre la Ruta Nacional N\u00ba 14, a la altura del paraje Desiderio Sosa, en el departamento de Santo Tom\u00e9.<\/p>\n<p>En un Ford Fiesta viajaban cuatro personas cuando, por causas que a\u00fan intentan establecer los peritos, colisionaron de frente contra un cami\u00f3n tipo \u00abbatea\u00bb que transportaba arena desde Ituzaing\u00f3 hacia la ciudad de Santo Tom\u00e9.<\/p>\n<p>Mientras los dos sobrevivientes del autom\u00f3vil luchan por su vida en el hospital de Santo Tom\u00e9 tras ser trasladados de urgencia, las autoridades trabajan en la identificaci\u00f3n formal de los fallecidos.<\/p>\n<p>Seg\u00fan el reporte preliminar, tras el impacto, el chofer del cami\u00f3n huy\u00f3 del lugar, dejando incluso parte de su carga esparcida sobre la calzada. El transporte pertenecer\u00eda a una empresa local de venta de materiales de construcci\u00f3n.<\/p>\n<p>Sin embargo, el intento de escape fue breve. Cerca de las 13:30 horas, el conductor fue interceptado en el acceso a Santo Tom\u00e9 y puesto a disposici\u00f3n de la Fiscal\u00eda de Instrucci\u00f3n, bajo la supervisi\u00f3n del doctor Facundo Cabral y el comisario inspector Manuel Fern\u00e1ndez.<\/p>\n<p>En el sitio del siniestro se despleg\u00f3 un amplio operativo que incluy\u00f3 a la polic\u00eda local, peritos de la Unidad Regional V y efectivos de la Gendarmer\u00eda Nacional Argentina.<\/p>\n","protected":false},"excerpt":{"rendered":"<p>Este s\u00e1bado, se produjo un violento choque frontal entre un autom\u00f3vil y un transporte de cargas pesadas que dej\u00f3 como saldo dos personas fallecidas y otras dos heridas de gravedad. El episodio ocurri\u00f3 alrededor del mediod\u00eda sobre la Ruta Nacional N\u00ba 14, a la altura del paraje Desiderio Sosa, en el departamento de Santo Tom\u00e9. [&hellip;]<\/p>\n","protected":false},"author":2,"featured_media":11104,"comment_status":"open","ping_status":"open","sticky":false,"template":"","format":"standard","meta":{"footnotes":""},"categories":[82],"tags":[],"class_list":["post-11103","post","type-post","status-publish","format-standard","has-post-thumbnail","category-policiales"],"_links":{"self":[{"href":"https:\/\/radiokissnoticias.com.ar\/web\/wp-json\/wp\/v2\/posts\/11103","targetHints":{"allow":["GET"]}}],"collection":[{"href":"https:\/\/radiokissnoticias.com.ar\/web\/wp-json\/wp\/v2\/posts"}],"about":[{"href":"https:\/\/radiokissnoticias.com.ar\/web\/wp-json\/wp\/v2\/types\/post"}],"author":[{"embeddable":true,"href":"https:\/\/radiokissnoticias.com.ar\/web\/wp-json\/wp\/v2\/users\/2"}],"replies":[{"embeddable":true,"href":"https:\/\/radiokissnoticias.com.ar\/web\/wp-json\/wp\/v2\/comments?post=11103"}],"version-history":[{"count":1,"href":"https:\/\/radiokissnoticias.com.ar\/web\/wp-json\/wp\/v2\/posts\/11103\/revisions"}],"predecessor-version":[{"id":11105,"href":"https:\/\/radiokissnoticias.com.ar\/web\/wp-json\/wp\/v2\/posts\/11103\/revisions\/11105"}],"wp:featuredmedia":[{"embeddable":true,"href":"https:\/\/radiokissnoticias.com.ar\/web\/wp-json\/wp\/v2\/media\/11104"}],"wp:attachment":[{"href":"https:\/\/radiokissnoticias.com.ar\/web\/wp-json\/wp\/v2\/media?parent=11103"}],"wp:term":[{"taxonomy":"category","embeddable":true,"href":"https:\/\/radiokissnoticias.com.ar\/web\/wp-json\/wp\/v2\/categories?post=11103"},{"taxonomy":"post_tag","embeddable":true,"href":"https:\/\/radiokissnoticias.com.ar\/web\/wp-json\/wp\/v2\/tags?post=11103"}],"curies":[{"name":"wp","href":"https:\/\/api.w.org\/{rel}","templated":true}]}}