{"id":11100,"date":"2026-08-01T20:20:54","date_gmt":"2026-08-01T23:20:54","guid":{"rendered":"https:\/\/radiokissnoticias.com.ar\/web\/?p=11100"},"modified":"2026-08-01T20:20:54","modified_gmt":"2026-08-01T23:20:54","slug":"paro-docente-el-gobierno-supervisara-el-cumplimiento-de-la-prestacion-educativa","status":"publish","type":"post","link":"https:\/\/radiokissnoticias.com.ar\/web\/2026\/08\/01\/paro-docente-el-gobierno-supervisara-el-cumplimiento-de-la-prestacion-educativa\/","title":{"rendered":"Paro docente: el Gobierno \u201csupervisar\u00e1\u201d el cumplimiento de la prestaci\u00f3n educativa"},"content":{"rendered":"<p>El Ministerio de Capital Humano indic\u00f3 que realizar\u00e1 una inspecci\u00f3n muestral en escuelas de todo el pa\u00eds.<\/p>\n<p>El Gobierno anunci\u00f3 que el pr\u00f3ximo lunes llevar\u00e1 a cabo una supervisi\u00f3n del cumplimiento de la Ley 27.802, cuyo art\u00edculo 10 establece a la educaci\u00f3n como servicio esencial, en el marco de las atribuciones de la Secretar\u00eda de Trabajo, Empleo y Seguridad Social.<\/p>\n<p>De acuerdo a un comunicado oficial, el Ministerio de Capital Humano indic\u00f3 que realizar\u00e1 una inspecci\u00f3n muestral en escuelas de todo el pa\u00eds con el objetivo de verificar que las entidades gremiales que convocan al paro nacional respeten el cumplimiento del 75% de la prestaci\u00f3n habitual del servicio educativo.<\/p>\n<p>En caso de verificarse incumplimientos de esa normativa, la cartera activar\u00e1 los protocolos para aplicar las sanciones que correspondan.<\/p>\n<p>El Ministerio, encabezado por Sandra Pettovello, se\u00f1al\u00f3 que la gesti\u00f3n de las escuelas constituye una responsabilidad primaria de las jurisdicciones y que, al mismo tiempo, el Gobierno nacional es el garante del derecho a la educaci\u00f3n de la ciudadan\u00eda, en el marco de las atribuciones que la Constituci\u00f3n fija para cada nivel del Estado.<\/p>\n<p>Por \u00faltimo, la cartera exhort\u00f3 a todos los agentes del sistema educativo, de acuerdo con sus responsabilidades, a priorizar el derecho a la educaci\u00f3n de ni\u00f1os y j\u00f3venes y a cumplir con la normativa vigente en materia de esencialidad de la educaci\u00f3n para brindar previsibilidad a las familias argentinas.<\/p>\n","protected":false},"excerpt":{"rendered":"<p>El Ministerio de Capital Humano indic\u00f3 que realizar\u00e1 una inspecci\u00f3n muestral en escuelas de todo el pa\u00eds. El Gobierno anunci\u00f3 que el pr\u00f3ximo lunes llevar\u00e1 a cabo una supervisi\u00f3n del cumplimiento de la Ley 27.802, cuyo art\u00edculo 10 establece a la educaci\u00f3n como servicio esencial, en el marco de las atribuciones de la Secretar\u00eda de [&hellip;]<\/p>\n","protected":false},"author":2,"featured_media":11101,"comment_status":"open","ping_status":"open","sticky":false,"template":"","format":"standard","meta":{"footnotes":""},"categories":[78],"tags":[],"class_list":["post-11100","post","type-post","status-publish","format-standard","has-post-thumbnail","category-nacional"],"_links":{"self":[{"href":"https:\/\/radiokissnoticias.com.ar\/web\/wp-json\/wp\/v2\/posts\/11100","targetHints":{"allow":["GET"]}}],"collection":[{"href":"https:\/\/radiokissnoticias.com.ar\/web\/wp-json\/wp\/v2\/posts"}],"about":[{"href":"https:\/\/radiokissnoticias.com.ar\/web\/wp-json\/wp\/v2\/types\/post"}],"author":[{"embeddable":true,"href":"https:\/\/radiokissnoticias.com.ar\/web\/wp-json\/wp\/v2\/users\/2"}],"replies":[{"embeddable":true,"href":"https:\/\/radiokissnoticias.com.ar\/web\/wp-json\/wp\/v2\/comments?post=11100"}],"version-history":[{"count":1,"href":"https:\/\/radiokissnoticias.com.ar\/web\/wp-json\/wp\/v2\/posts\/11100\/revisions"}],"predecessor-version":[{"id":11102,"href":"https:\/\/radiokissnoticias.com.ar\/web\/wp-json\/wp\/v2\/posts\/11100\/revisions\/11102"}],"wp:featuredmedia":[{"embeddable":true,"href":"https:\/\/radiokissnoticias.com.ar\/web\/wp-json\/wp\/v2\/media\/11101"}],"wp:attachment":[{"href":"https:\/\/radiokissnoticias.com.ar\/web\/wp-json\/wp\/v2\/media?parent=11100"}],"wp:term":[{"taxonomy":"category","embeddable":true,"href":"https:\/\/radiokissnoticias.com.ar\/web\/wp-json\/wp\/v2\/categories?post=11100"},{"taxonomy":"post_tag","embeddable":true,"href":"https:\/\/radiokissnoticias.com.ar\/web\/wp-json\/wp\/v2\/tags?post=11100"}],"curies":[{"name":"wp","href":"https:\/\/api.w.org\/{rel}","templated":true}]}}