{"id":11093,"date":"2026-08-01T15:22:15","date_gmt":"2026-08-01T18:22:15","guid":{"rendered":"https:\/\/radiokissnoticias.com.ar\/web\/?p=11093"},"modified":"2026-08-01T15:22:15","modified_gmt":"2026-08-01T18:22:15","slug":"dos-policias-montaron-un-falso-operativo-para-robar-una-moto","status":"publish","type":"post","link":"https:\/\/radiokissnoticias.com.ar\/web\/2026\/08\/01\/dos-policias-montaron-un-falso-operativo-para-robar-una-moto\/","title":{"rendered":"Dos polic\u00edas montaron un falso operativo para robar una moto"},"content":{"rendered":"<p>Un cabo y un sargento fueron c\u00f3mplices de un tercer sujeto que cit\u00f3 al due\u00f1o del veh\u00edculo para comprarlo. Pero se lo robaron. Los identificaron mediante c\u00e1maras de seguridad. Ambos estaban con &#8220;sumarios&#8221; y apartados de la fuerza por problemas de conducta<\/p>\n<p><img loading=\"lazy\" decoding=\"async\" class=\"\" src=\"https:\/\/www.powernoticias.com\/images\/202608011642369648\" width=\"676\" height=\"375\" \/><\/p>\n<p>Dos efectivos de la Polic\u00eda de Corrientes protagonizaron un operativo falso para sustraer la motocicleta a un joven mientras este se hab\u00eda encontrado con un supuesto interesado en compr\u00e1rselo y quien, en definitiva, tambi\u00e9n result\u00f3 ser parte del plan delictivo.<\/p>\n<p>Seis d\u00edas despu\u00e9s del il\u00edcito, la propia Polic\u00eda esclareci\u00f3 el caso.<\/p>\n<p>Seg\u00fan informaron, concretaron al menos dos allanamientos, recuperaron el veh\u00edculo y detuvieron a uno de los funcionarios de seguridad.<\/p>\n<p>Ambos sospechosos todav\u00eda son integrantes de la fuerza de seguridad y en la actualidad estaban apartados de la instituci\u00f3n, con sendos &#8220;sumarios&#8221; iniciados el a\u00f1o pasado debido a serios problemas de conducta. Uno de ellos ser\u00eda consumidor de sustancias estupefacientes.<\/p>\n<p>Todo comenz\u00f3 el viernes 24 de julio en el capitalino barrio 17 de Agosto. Ese d\u00eda, un joven due\u00f1o de una Honda CG Tit\u00e1n 150 mantuvo un encuentro con un sujeto que lo contact\u00f3 para comprarle el rodado que ofrec\u00eda a la venta.<\/p>\n<p>El presunto interesado se llamar\u00eda Franco, quien seg\u00fan investigan responder\u00eda al apodo de &#8220;Chule&#8221;.<\/p>\n<p>Mientras el due\u00f1o de la moto y el presunto comprador estaban a unos pocos metros de los ba\u00f1os de la plaza MERCOSUR, lugar pautado para la hipot\u00e9tica transacci\u00f3n, llegaron dos hombres en una camioneta blanca.<\/p>\n<p>Sin rodeos, ambos dijeron ser lo que son: polic\u00edas, pero de civil, como si pertenecieran a la &#8220;brigada&#8221;. Uno mostr\u00f3 lo que parec\u00eda ser una credencial.<\/p>\n<p>Esas personas dijeron estar de operativo y solicitaron los papeles al due\u00f1o de la CG Tit\u00e1n tras lo cual le indicaron que deb\u00edan secuestrarla porque &#8220;la moto tiene pedido de secuestro&#8221;.<\/p>\n<p>El damnificado en el falso procedimiento siempre sospech\u00f3 de una irregularidad, aunque no se resisti\u00f3 y vio c\u00f3mo se llevaban su veh\u00edculo. Fue despu\u00e9s de llevarlo a \u00e9l en la pick up algunas cuadras antes de pedirle que descendiera y cualquier cosa que vaya &#8220;a la brigada&#8221;.<\/p>\n<p>La denuncia del incidente fue asentada en la Comisar\u00eda Seccional Decimoctava. El muchacho que sufri\u00f3 el enga\u00f1o, junto a familiares, hizo esa primera denuncia y despu\u00e9s una ampliaci\u00f3n aportando mayores detalles. Entre los datos brindados el joven habr\u00eda dicho notar que los polic\u00edas en cuesti\u00f3n portaban armas.<\/p>\n<p>En la causa intervino la Unidad Fiscal de Investigaciones Concretas 6. Junto a la Decimoctava empezaron a colaborar otras dependencias hasta llegar al esclarecimiento y desenmascarar a un cabo y a un sargento como responsables de la maniobra delictiva.<\/p>\n<p>El jueves 30 de julio realizaron dos allanamientos en las viviendas de los efectivos, quienes todav\u00eda forman parte de la instituci\u00f3n, pero desde hac\u00eda meses no prestaban funciones<\/p>\n<p>Los dos fueron apartados de forma preventiva debido a conductas irregulares y &#8220;no compatibles&#8221; con la funci\u00f3n que deb\u00edan ejercer. Los sumarios eran parte de un proceso interno.<\/p>\n<p>Seg\u00fan datos a los cuales accedi\u00f3 \u00e9poca, en los allanamientos no encontraron la motocicleta como tampoco a los polic\u00edas investigados en el robo. Sin embargo, pasaron dos cosas importantes algunas horas despu\u00e9s.<\/p>\n<p>Una patrulla con efectivos de la Comisar\u00eda Seccional Decimosexta, justamente donde el sargento se desempe\u00f1\u00f3 como &#8220;brigadista&#8221; hasta ser apartado, recuper\u00f3 la moto que un sujeto &#8220;no identificado&#8221; arroj\u00f3 el jueves a la noche junto a la alambrada perimetral del Campus Universitario en el barrio San Jer\u00f3nimo, una zona oscura y lejos de la vista de cualquier testigo posible<\/p>\n<p>Ayer, en tanto, despu\u00e9s de que los hechos comenzaran a ventilarse en las redes sociales, informaron sobre la captura de &#8220;Chule&#8221; (cuyo rol fue el de atraer la atenci\u00f3n de la v\u00edctima) y la detenci\u00f3n del sargento para ser puestos a disposici\u00f3n de la Justicia. El polic\u00eda responde al apellido Carballo. Por su parte, continuaba la b\u00fasqueda del segundo polic\u00eda sospechado.<\/p>\n<p>Desde la Polic\u00eda destacaron que la pesquisa que permiti\u00f3 echar claridad sobre los hechos fueron encabezados por propios efectivos.<\/p>\n","protected":false},"excerpt":{"rendered":"<p>Un cabo y un sargento fueron c\u00f3mplices de un tercer sujeto que cit\u00f3 al due\u00f1o del veh\u00edculo para comprarlo. Pero se lo robaron. Los identificaron mediante c\u00e1maras de seguridad. Ambos estaban con &#8220;sumarios&#8221; y apartados de la fuerza por problemas de conducta Dos efectivos de la Polic\u00eda de Corrientes protagonizaron un operativo falso para sustraer [&hellip;]<\/p>\n","protected":false},"author":2,"featured_media":11094,"comment_status":"open","ping_status":"open","sticky":false,"template":"","format":"standard","meta":{"footnotes":""},"categories":[82],"tags":[],"class_list":["post-11093","post","type-post","status-publish","format-standard","has-post-thumbnail","category-policiales"],"_links":{"self":[{"href":"https:\/\/radiokissnoticias.com.ar\/web\/wp-json\/wp\/v2\/posts\/11093","targetHints":{"allow":["GET"]}}],"collection":[{"href":"https:\/\/radiokissnoticias.com.ar\/web\/wp-json\/wp\/v2\/posts"}],"about":[{"href":"https:\/\/radiokissnoticias.com.ar\/web\/wp-json\/wp\/v2\/types\/post"}],"author":[{"embeddable":true,"href":"https:\/\/radiokissnoticias.com.ar\/web\/wp-json\/wp\/v2\/users\/2"}],"replies":[{"embeddable":true,"href":"https:\/\/radiokissnoticias.com.ar\/web\/wp-json\/wp\/v2\/comments?post=11093"}],"version-history":[{"count":1,"href":"https:\/\/radiokissnoticias.com.ar\/web\/wp-json\/wp\/v2\/posts\/11093\/revisions"}],"predecessor-version":[{"id":11095,"href":"https:\/\/radiokissnoticias.com.ar\/web\/wp-json\/wp\/v2\/posts\/11093\/revisions\/11095"}],"wp:featuredmedia":[{"embeddable":true,"href":"https:\/\/radiokissnoticias.com.ar\/web\/wp-json\/wp\/v2\/media\/11094"}],"wp:attachment":[{"href":"https:\/\/radiokissnoticias.com.ar\/web\/wp-json\/wp\/v2\/media?parent=11093"}],"wp:term":[{"taxonomy":"category","embeddable":true,"href":"https:\/\/radiokissnoticias.com.ar\/web\/wp-json\/wp\/v2\/categories?post=11093"},{"taxonomy":"post_tag","embeddable":true,"href":"https:\/\/radiokissnoticias.com.ar\/web\/wp-json\/wp\/v2\/tags?post=11093"}],"curies":[{"name":"wp","href":"https:\/\/api.w.org\/{rel}","templated":true}]}}