{"id":11071,"date":"2026-08-01T12:04:34","date_gmt":"2026-08-01T15:04:34","guid":{"rendered":"https:\/\/radiokissnoticias.com.ar\/web\/?p=11071"},"modified":"2026-08-01T12:04:34","modified_gmt":"2026-08-01T15:04:34","slug":"elecciones-2027-que-provincias-desdoblan-y-cuales-tienen-fecha-confirmada","status":"publish","type":"post","link":"https:\/\/radiokissnoticias.com.ar\/web\/2026\/08\/01\/elecciones-2027-que-provincias-desdoblan-y-cuales-tienen-fecha-confirmada\/","title":{"rendered":"Elecciones 2027: qu\u00e9 provincias desdoblan y cu\u00e1les tienen fecha confirmada"},"content":{"rendered":"<p>Tucum\u00e1n es una de las provincias que confirm\u00f3 la votaci\u00f3n para el 9 de mayo. Adem\u00e1s, al menos siete provincias ya manifestaron p\u00fablicamente su intenci\u00f3n de desdoblar las elecciones provinciales de las nacionales, un n\u00famero que podr\u00eda subir con el tiempo.<\/p>\n<p>El calendario electoral para 2027 comenz\u00f3 a acelerarse y, a poco m\u00e1s de un a\u00f1o de las elecciones, m\u00e1s de ocho provincias ya prev\u00e9n desdoblar sus comicios de los nacionales, mientras el Gobierno nacional busca avanzar en acuerdos pol\u00edticos con algunos Ejecutivos locales y en la suspensi\u00f3n de las PASO.<\/p>\n<p>Seg\u00fan pudo saber la Agencia Noticias Argentinas, tras el Mundial varios gobernadores resolvieron acelerar las definiciones sobre el cronograma electoral. El objetivo del oficialismo es cerrar cuanto antes la reforma pol\u00edtica y avanzar con la suspensi\u00f3n de las PASO.<\/p>\n<p>En paralelo, los mandatarios provinciales buscan preservar sus territorios y, en varios casos, mantener esquemas de competencia en acuerdo con La Libertad Avanza.<\/p>\n<p>A su vez, en el oficialismo consideran que en las pr\u00f3ximas semanas podr\u00edan cerrarse acuerdos con distintos gobernadores, aunque varias provincias esperan el resultado de las negociaciones en el Congreso antes de definir sus fechas.<\/p>\n<p>El primer mandatario en oficializar un calendario fue el tucumano Osvaldo Jaldo, quien anunci\u00f3 que las elecciones provinciales se realizar\u00e1n el 9 de mayo de 2027. En el Gobierno se\u00f1alaron que la decisi\u00f3n fue conversada y que &#8220;no afecta&#8221; la estrategia libertaria del Gobierno.<\/p>\n<p>Adem\u00e1s de Tucum\u00e1n, al menos siete provincias ya manifestaron p\u00fablicamente su intenci\u00f3n de desdoblar las elecciones provinciales de las nacionales, un n\u00famero que podr\u00eda subir con el tiempo.<\/p>\n<p>En Salta, Gustavo S\u00e1enz eval\u00faa votar el 16 o el 23 de mayo, mientras que en Chubut, Ignacio Torres analiza una fecha entre julio y agosto, y en Misiones, donde gobierna Hugo Passalacqua, ya dieron por hecho el desdoblamiento, aunque sin fecha certera todav\u00eda.<\/p>\n<p>Otro de los Estados del norte argentino como Jujuy tambi\u00e9n seguir\u00eda ese camino, ya que desde el entorno del gobernador Carlos Sadir subrayan que la provincia &#8220;siempre adelanta&#8221; sus elecciones.<\/p>\n<p>Neuqu\u00e9n, gobernada por Rolando Figueroa, tambi\u00e9n prev\u00e9 mantener la tradici\u00f3n de separar los comicios nacionales de los provinciales, con una posible convocatoria durante agosto.<\/p>\n<p>En Santa Fe, Maximiliano Pullaro analiza una ventana entre el 13 de junio y el 5 de septiembre, aunque la primera fecha, por ahora, es la m\u00e1s probable. En Mendoza, Alfredo Cornejo ya defini\u00f3 que las PASO provinciales ser\u00e1n en julio.<\/p>\n<p>Tierra del Fuego tambi\u00e9n deber\u00e1 votar en una fecha diferente a la nacional por una disposici\u00f3n constitucional, mientras que R\u00edo Negro mantiene la intenci\u00f3n pol\u00edtica de conservar la idea del desdoblamiento.<\/p>\n<p>Entre R\u00edos y San Juan tambi\u00e9n optar\u00edan por separar sus elecciones de las nacionales, mientras que La Rioja, Formosa y La Pampa todav\u00eda no realizaron anuncios oficiales.<\/p>\n<p>Buenos Aires, clave para la elecci\u00f3n nacional<\/p>\n<p>En la provincia de Buenos Aires, Axel Kicillof condiciona cualquier definici\u00f3n a lo que ocurra con las PASO nacionales, ya que las primarias bonaerenses est\u00e1n vinculadas por ley al r\u00e9gimen nacional.<\/p>\n<p>\u00bfCu\u00e1ndo se votar\u00e1 CABA?<\/p>\n<p>En la Ciudad Aut\u00f3noma de Buenos Aires ocurre un escenario similar, ya que allegados al jefe de Gobierno porte\u00f1o Jorge Macri sostienen que la estrategia depender\u00e1 de la reforma pol\u00edtica y de la decisi\u00f3n que adopte la Casa Rosada.<\/p>\n<p>Por el lado de San Luis, si bien el gobernador Claudio Poggi no define a\u00fan fecha para la votaci\u00f3n, la historia provincial marca que el desdoblamiento podr\u00eda ser el camino.<\/p>\n<p>En Catamarca, las elecciones podr\u00edan realizarse junto con las nacionales en el mes de octubre, ya que el gobernador Ra\u00fal Jalil es considerado uno de los principales aliados legislativos del oficialismo.<\/p>\n<p>\u00bfQu\u00e9 provincias no elegir\u00e1n gobernadores en 2027?<\/p>\n<p>Las \u00fanicas provincias que no elegir\u00e1n gobernador en 2027 ser\u00e1n Corrientes y Santiago del Estero, donde los oficialismos retuvieron recientemente el Poder Ejecutivo provincial.<\/p>\n","protected":false},"excerpt":{"rendered":"<p>Tucum\u00e1n es una de las provincias que confirm\u00f3 la votaci\u00f3n para el 9 de mayo. Adem\u00e1s, al menos siete provincias ya manifestaron p\u00fablicamente su intenci\u00f3n de desdoblar las elecciones provinciales de las nacionales, un n\u00famero que podr\u00eda subir con el tiempo. El calendario electoral para 2027 comenz\u00f3 a acelerarse y, a poco m\u00e1s de un [&hellip;]<\/p>\n","protected":false},"author":2,"featured_media":11072,"comment_status":"open","ping_status":"open","sticky":false,"template":"","format":"standard","meta":{"footnotes":""},"categories":[81],"tags":[],"class_list":["post-11071","post","type-post","status-publish","format-standard","has-post-thumbnail","category-politica"],"_links":{"self":[{"href":"https:\/\/radiokissnoticias.com.ar\/web\/wp-json\/wp\/v2\/posts\/11071","targetHints":{"allow":["GET"]}}],"collection":[{"href":"https:\/\/radiokissnoticias.com.ar\/web\/wp-json\/wp\/v2\/posts"}],"about":[{"href":"https:\/\/radiokissnoticias.com.ar\/web\/wp-json\/wp\/v2\/types\/post"}],"author":[{"embeddable":true,"href":"https:\/\/radiokissnoticias.com.ar\/web\/wp-json\/wp\/v2\/users\/2"}],"replies":[{"embeddable":true,"href":"https:\/\/radiokissnoticias.com.ar\/web\/wp-json\/wp\/v2\/comments?post=11071"}],"version-history":[{"count":1,"href":"https:\/\/radiokissnoticias.com.ar\/web\/wp-json\/wp\/v2\/posts\/11071\/revisions"}],"predecessor-version":[{"id":11073,"href":"https:\/\/radiokissnoticias.com.ar\/web\/wp-json\/wp\/v2\/posts\/11071\/revisions\/11073"}],"wp:featuredmedia":[{"embeddable":true,"href":"https:\/\/radiokissnoticias.com.ar\/web\/wp-json\/wp\/v2\/media\/11072"}],"wp:attachment":[{"href":"https:\/\/radiokissnoticias.com.ar\/web\/wp-json\/wp\/v2\/media?parent=11071"}],"wp:term":[{"taxonomy":"category","embeddable":true,"href":"https:\/\/radiokissnoticias.com.ar\/web\/wp-json\/wp\/v2\/categories?post=11071"},{"taxonomy":"post_tag","embeddable":true,"href":"https:\/\/radiokissnoticias.com.ar\/web\/wp-json\/wp\/v2\/tags?post=11071"}],"curies":[{"name":"wp","href":"https:\/\/api.w.org\/{rel}","templated":true}]}}