{"id":11056,"date":"2026-07-31T22:41:39","date_gmt":"2026-08-01T01:41:39","guid":{"rendered":"https:\/\/radiokissnoticias.com.ar\/web\/?p=11056"},"modified":"2026-07-31T22:41:39","modified_gmt":"2026-08-01T01:41:39","slug":"el-hospital-pediatrico-angel-de-la-guarda-celebra-su-primer-aniversario-con-una-jornada-cientifica-y-comunitaria","status":"publish","type":"post","link":"https:\/\/radiokissnoticias.com.ar\/web\/2026\/07\/31\/el-hospital-pediatrico-angel-de-la-guarda-celebra-su-primer-aniversario-con-una-jornada-cientifica-y-comunitaria\/","title":{"rendered":"El hospital pedi\u00e1trico &#8220;\u00c1ngel de la Guarda&#8221; celebra su primer aniversario con una jornada cient\u00edfica y comunitaria"},"content":{"rendered":"<p>Invitan a participar de la Jornada por el 1\u00b0 Aniversario del Hospital Pedi\u00e1trico &#8220;\u00c1ngel de la Guarda&#8221;, que se llevar\u00e1 a cabo el viernes 21 de agosto a partir de las 8 horas en el auditorio del hospital zonal, ubicado en avenida Mazzanti N\u00b0 550.<\/p>\n<p><img loading=\"lazy\" decoding=\"async\" class=\"alignnone size-medium wp-image-11057\" src=\"https:\/\/radiokissnoticias.com.ar\/web\/wp-content\/uploads\/2026\/07\/descarga-2026-07-31T224013.017-212x300.jpeg\" alt=\"\" width=\"212\" height=\"300\" srcset=\"https:\/\/radiokissnoticias.com.ar\/web\/wp-content\/uploads\/2026\/07\/descarga-2026-07-31T224013.017-212x300.jpeg 212w, https:\/\/radiokissnoticias.com.ar\/web\/wp-content\/uploads\/2026\/07\/descarga-2026-07-31T224013.017-723x1024.jpeg 723w, https:\/\/radiokissnoticias.com.ar\/web\/wp-content\/uploads\/2026\/07\/descarga-2026-07-31T224013.017-768x1087.jpeg 768w, https:\/\/radiokissnoticias.com.ar\/web\/wp-content\/uploads\/2026\/07\/descarga-2026-07-31T224013.017-297x420.jpeg 297w, https:\/\/radiokissnoticias.com.ar\/web\/wp-content\/uploads\/2026\/07\/descarga-2026-07-31T224013.017-696x985.jpeg 696w, https:\/\/radiokissnoticias.com.ar\/web\/wp-content\/uploads\/2026\/07\/descarga-2026-07-31T224013.017.jpeg 904w\" sizes=\"auto, (max-width: 212px) 100vw, 212px\" \/><\/p>\n<p>La actividad contar\u00e1 con un cronograma que combina instancias de formaci\u00f3n m\u00e9dica y propuestas abiertas a la comunidad. A las 9 horas se realizar\u00e1 el acto de apertura con palabras de bienvenida a cargo de la directora del Hospital Pedi\u00e1trico &#8220;\u00c1ngel de la Guarda&#8221;, doctora Valeria Heine.<\/p>\n<p>Posteriormente, a las 9.30 horas, se desarrollar\u00e1 la disertaci\u00f3n &#8220;Apto F\u00edsico. Evaluaci\u00f3n cardiol\u00f3gica para el pediatra de consultorio&#8221;, a cargo del doctor Maximiliano Rinas. A las 10.15 horas ser\u00e1 el turno de la doctora Larisa Arr\u00faa, quien abordar\u00e1 la tem\u00e1tica de la hematuria.<\/p>\n<p>La jornada continuar\u00e1 a las 11 horas con la exposici\u00f3n sobre obesidad infantil, a cargo de la doctora Julieta Verdura. A las 12 horas se ofrecer\u00e1 un brunch para los participantes.<\/p>\n<p>Las actividades se retomar\u00e1n por la tarde, a las 14 horas, con un espacio destinado a la comunidad sobre reanimaci\u00f3n cardiopulmonar (RCP), tambi\u00e9n a cargo del doctor Maximiliano Rinas.<\/p>\n<p>De esta manera, el Hospital Pedi\u00e1trico &#8220;\u00c1ngel de la Guarda&#8221; celebra su primer a\u00f1o de funcionamiento con una propuesta que busca fortalecer la capacitaci\u00f3n profesional y promover el cuidado de la salud infantil en la comunidad.<\/p>\n<p>Direcci\u00f3n de Prensa \u2013 Municipalidad de Goya.<\/p>\n","protected":false},"excerpt":{"rendered":"<p>Invitan a participar de la Jornada por el 1\u00b0 Aniversario del Hospital Pedi\u00e1trico &#8220;\u00c1ngel de la Guarda&#8221;, que se llevar\u00e1 a cabo el viernes 21 de agosto a partir de las 8 horas en el auditorio del hospital zonal, ubicado en avenida Mazzanti N\u00b0 550. La actividad contar\u00e1 con un cronograma que combina instancias de [&hellip;]<\/p>\n","protected":false},"author":2,"featured_media":11058,"comment_status":"open","ping_status":"open","sticky":false,"template":"","format":"standard","meta":{"footnotes":""},"categories":[77],"tags":[],"class_list":["post-11056","post","type-post","status-publish","format-standard","has-post-thumbnail","category-local"],"_links":{"self":[{"href":"https:\/\/radiokissnoticias.com.ar\/web\/wp-json\/wp\/v2\/posts\/11056","targetHints":{"allow":["GET"]}}],"collection":[{"href":"https:\/\/radiokissnoticias.com.ar\/web\/wp-json\/wp\/v2\/posts"}],"about":[{"href":"https:\/\/radiokissnoticias.com.ar\/web\/wp-json\/wp\/v2\/types\/post"}],"author":[{"embeddable":true,"href":"https:\/\/radiokissnoticias.com.ar\/web\/wp-json\/wp\/v2\/users\/2"}],"replies":[{"embeddable":true,"href":"https:\/\/radiokissnoticias.com.ar\/web\/wp-json\/wp\/v2\/comments?post=11056"}],"version-history":[{"count":1,"href":"https:\/\/radiokissnoticias.com.ar\/web\/wp-json\/wp\/v2\/posts\/11056\/revisions"}],"predecessor-version":[{"id":11059,"href":"https:\/\/radiokissnoticias.com.ar\/web\/wp-json\/wp\/v2\/posts\/11056\/revisions\/11059"}],"wp:featuredmedia":[{"embeddable":true,"href":"https:\/\/radiokissnoticias.com.ar\/web\/wp-json\/wp\/v2\/media\/11058"}],"wp:attachment":[{"href":"https:\/\/radiokissnoticias.com.ar\/web\/wp-json\/wp\/v2\/media?parent=11056"}],"wp:term":[{"taxonomy":"category","embeddable":true,"href":"https:\/\/radiokissnoticias.com.ar\/web\/wp-json\/wp\/v2\/categories?post=11056"},{"taxonomy":"post_tag","embeddable":true,"href":"https:\/\/radiokissnoticias.com.ar\/web\/wp-json\/wp\/v2\/tags?post=11056"}],"curies":[{"name":"wp","href":"https:\/\/api.w.org\/{rel}","templated":true}]}}