{"id":11053,"date":"2026-07-31T22:38:13","date_gmt":"2026-08-01T01:38:13","guid":{"rendered":"https:\/\/radiokissnoticias.com.ar\/web\/?p=11053"},"modified":"2026-07-31T22:38:13","modified_gmt":"2026-08-01T01:38:13","slug":"trabajos-de-desmalezamiento-y-corte-de-pasto-en-la-zona-sur-de-goya","status":"publish","type":"post","link":"https:\/\/radiokissnoticias.com.ar\/web\/2026\/07\/31\/trabajos-de-desmalezamiento-y-corte-de-pasto-en-la-zona-sur-de-goya\/","title":{"rendered":"Trabajos de desmalezamiento y corte de pasto en la zona sur de Goya"},"content":{"rendered":"<p>La coordinaci\u00f3n de limpieza y desmalezamiento urbano realiza corte de pasto y desmalezamiento en distintos puntos de Goya.<\/p>\n<p>En la zona sur por Avenida Eva Per\u00f3n y en espacios verdes por avenida Francisco de Soto, en el d\u00eda de ayer se llevaron adelante estos trabajos que contin\u00faan en otros sectores a cargo de operarios de la Municipalidad de Goya que dependen de esta \u00e1rea propiamente dicha.<\/p>\n<p>Direcci\u00f3n de Prensa \u2013 Municipalidad de Goya.<\/p>\n","protected":false},"excerpt":{"rendered":"<p>La coordinaci\u00f3n de limpieza y desmalezamiento urbano realiza corte de pasto y desmalezamiento en distintos puntos de Goya. En la zona sur por Avenida Eva Per\u00f3n y en espacios verdes por avenida Francisco de Soto, en el d\u00eda de ayer se llevaron adelante estos trabajos que contin\u00faan en otros sectores a cargo de operarios de [&hellip;]<\/p>\n","protected":false},"author":2,"featured_media":11054,"comment_status":"open","ping_status":"open","sticky":false,"template":"","format":"standard","meta":{"footnotes":""},"categories":[77],"tags":[],"class_list":["post-11053","post","type-post","status-publish","format-standard","has-post-thumbnail","category-local"],"_links":{"self":[{"href":"https:\/\/radiokissnoticias.com.ar\/web\/wp-json\/wp\/v2\/posts\/11053","targetHints":{"allow":["GET"]}}],"collection":[{"href":"https:\/\/radiokissnoticias.com.ar\/web\/wp-json\/wp\/v2\/posts"}],"about":[{"href":"https:\/\/radiokissnoticias.com.ar\/web\/wp-json\/wp\/v2\/types\/post"}],"author":[{"embeddable":true,"href":"https:\/\/radiokissnoticias.com.ar\/web\/wp-json\/wp\/v2\/users\/2"}],"replies":[{"embeddable":true,"href":"https:\/\/radiokissnoticias.com.ar\/web\/wp-json\/wp\/v2\/comments?post=11053"}],"version-history":[{"count":1,"href":"https:\/\/radiokissnoticias.com.ar\/web\/wp-json\/wp\/v2\/posts\/11053\/revisions"}],"predecessor-version":[{"id":11055,"href":"https:\/\/radiokissnoticias.com.ar\/web\/wp-json\/wp\/v2\/posts\/11053\/revisions\/11055"}],"wp:featuredmedia":[{"embeddable":true,"href":"https:\/\/radiokissnoticias.com.ar\/web\/wp-json\/wp\/v2\/media\/11054"}],"wp:attachment":[{"href":"https:\/\/radiokissnoticias.com.ar\/web\/wp-json\/wp\/v2\/media?parent=11053"}],"wp:term":[{"taxonomy":"category","embeddable":true,"href":"https:\/\/radiokissnoticias.com.ar\/web\/wp-json\/wp\/v2\/categories?post=11053"},{"taxonomy":"post_tag","embeddable":true,"href":"https:\/\/radiokissnoticias.com.ar\/web\/wp-json\/wp\/v2\/tags?post=11053"}],"curies":[{"name":"wp","href":"https:\/\/api.w.org\/{rel}","templated":true}]}}