{"id":11040,"date":"2026-07-31T22:25:46","date_gmt":"2026-08-01T01:25:46","guid":{"rendered":"https:\/\/radiokissnoticias.com.ar\/web\/?p=11040"},"modified":"2026-07-31T22:25:46","modified_gmt":"2026-08-01T01:25:46","slug":"entre-libros-figuritas-y-tecnologia-el-balance-y-los-nuevos-desafios-de-la-direccion-de-juventud-en-goya","status":"publish","type":"post","link":"https:\/\/radiokissnoticias.com.ar\/web\/2026\/07\/31\/entre-libros-figuritas-y-tecnologia-el-balance-y-los-nuevos-desafios-de-la-direccion-de-juventud-en-goya\/","title":{"rendered":"Entre libros, figuritas y tecnolog\u00eda: el balance y los nuevos desaf\u00edos de la direcci\u00f3n de Juventud en Goya"},"content":{"rendered":"<p>El Director de Juventud de Goya, Gast\u00f3n Espinosa, destac\u00f3 el \u00e9xito de las actividades realizadas durante las vacaciones de invierno y adelant\u00f3 la agenda para la segunda mitad del a\u00f1o, con un fuerte enfoque en la capacitaci\u00f3n tecnol\u00f3gica y la orientaci\u00f3n vocacional para los j\u00f3venes de la ciudad.<\/p>\n<p>Uno de los puntos m\u00e1s altos de la gesti\u00f3n reciente fue el intercambio de figuritas, una iniciativa que gener\u00f3 un &#8220;furor&#8221; tanto en la plaza p\u00fablica como en el marco de la Feria del Libro.<\/p>\n<p>Espinosa calific\u00f3 el encuentro en la feria como el m\u00e1s exitoso hasta la fecha, superando todas las expectativas de concurrencia.<\/p>\n<p>M\u00e1s all\u00e1 del entretenimiento, el funcionario resalt\u00f3 el valor formativo de la actividad: &#8220;El objetivo o la excusa de la figuritas fue salir un poco de la pantalla del celular o la Play y encontrarse con otra gente&#8221;.<\/p>\n<p>Adem\u00e1s, observ\u00f3 con sorpresa c\u00f3mo los ni\u00f1os desarrollaron habilidades de negociaci\u00f3n que asombraron a sus propios padres, quienes fueron los encargados de la inversi\u00f3n inicial.<\/p>\n<p>ORIENTACI\u00d3N VOCACIONAL: UN PUENTE AL FUTURO<\/p>\n<p>Con el inicio del segundo semestre escolar, la Direcci\u00f3n de Juventud contin\u00faa con su programa permanente de orientaci\u00f3n vocacional y ocupacional, liderado por el psicopedagogo Nahuel Falc\u00f3n.<\/p>\n<p>A trav\u00e9s de talleres de dos encuentros destinados principalmente a los alumnos de los \u00faltimos a\u00f1os (&#8220;la promo&#8221;), se busca despertar el inter\u00e9s de los j\u00f3venes por su futuro camino profesional.<\/p>\n<p>&#8220;No se trata de decirles qu\u00e9 carrera estudiar, sino de despertar el inter\u00e9s&#8221;, aclar\u00f3 Espinosa, subrayando que aprovechan estas visitas para difundir la oferta acad\u00e9mica local.<\/p>\n<p>El objetivo es que los estudiantes conozcan las opciones de educaci\u00f3n de calidad \u2014p\u00fablicas, privadas y a distancia\u2014 disponibles en Goya, fomentando que el talento joven permanezca en la ciudad.<\/p>\n<p>INNOVACI\u00d3N: TALLER DE CREACI\u00d3N AUDIOVISUAL CON CELULARES<\/p>\n<p>Como novedad para los pr\u00f3ximos meses, se anunci\u00f3 la posibilidad de traer un taller gratuito de creaci\u00f3n audiovisual.<\/p>\n<p>Esta capacitaci\u00f3n contar\u00e1 con profesores de arte y teatro de la ciudad de Buenos Aires que dictan clases a nivel universitario.<\/p>\n<p>La propuesta busca que los j\u00f3venes adquieran habilidades para generar contenido de calidad utilizando sus propios tel\u00e9fonos m\u00f3viles.<\/p>\n<p>&#8220;Hoy en d\u00eda uno desde cualquier tel\u00e9fono genera contenido; la idea es aprender a usarlo y generar algo productivo&#8221;, explic\u00f3 el director.<\/p>\n<p>La actividad, que consistir\u00e1 en una clase magistral de dos encuentros donde se producir\u00e1n cortos audiovisuales, se realizar\u00eda posiblemente en el Sal\u00f3n del Bicentenario con cupos limitados para garantizar una ense\u00f1anza personalizada.<\/p>\n<p>LIDERAZGO Y AGENDA FUTURA<\/p>\n<p>Finalmente, Espinosa se refiri\u00f3 a su participaci\u00f3n en una capacitaci\u00f3n sobre liderazgo pol\u00edtico junto al intendente Mariano Hormaechea y el consultor Andr\u00e9s Rabossi.<\/p>\n<p>El funcionario destac\u00f3 la importancia de estos espacios para repensar las formas de hacer pol\u00edtica en tiempos de crisis y actualizaci\u00f3n constante.<\/p>\n<p>De cara a septiembre, la Direcci\u00f3n de Juventud ya se encuentra articulando esfuerzos con el \u00e1rea de Deportes para la organizaci\u00f3n de la Estudiantina, reafirmando el compromiso municipal de acompa\u00f1ar el desarrollo de eventos que promuevan valores y el encuentro de la juventud goyana.<\/p>\n<p>Direcci\u00f3n de Prensa \u2013 Municipalidad de Goya.<\/p>\n","protected":false},"excerpt":{"rendered":"<p>El Director de Juventud de Goya, Gast\u00f3n Espinosa, destac\u00f3 el \u00e9xito de las actividades realizadas durante las vacaciones de invierno y adelant\u00f3 la agenda para la segunda mitad del a\u00f1o, con un fuerte enfoque en la capacitaci\u00f3n tecnol\u00f3gica y la orientaci\u00f3n vocacional para los j\u00f3venes de la ciudad. Uno de los puntos m\u00e1s altos de [&hellip;]<\/p>\n","protected":false},"author":2,"featured_media":11041,"comment_status":"open","ping_status":"open","sticky":false,"template":"","format":"standard","meta":{"footnotes":""},"categories":[77],"tags":[],"class_list":["post-11040","post","type-post","status-publish","format-standard","has-post-thumbnail","category-local"],"_links":{"self":[{"href":"https:\/\/radiokissnoticias.com.ar\/web\/wp-json\/wp\/v2\/posts\/11040","targetHints":{"allow":["GET"]}}],"collection":[{"href":"https:\/\/radiokissnoticias.com.ar\/web\/wp-json\/wp\/v2\/posts"}],"about":[{"href":"https:\/\/radiokissnoticias.com.ar\/web\/wp-json\/wp\/v2\/types\/post"}],"author":[{"embeddable":true,"href":"https:\/\/radiokissnoticias.com.ar\/web\/wp-json\/wp\/v2\/users\/2"}],"replies":[{"embeddable":true,"href":"https:\/\/radiokissnoticias.com.ar\/web\/wp-json\/wp\/v2\/comments?post=11040"}],"version-history":[{"count":1,"href":"https:\/\/radiokissnoticias.com.ar\/web\/wp-json\/wp\/v2\/posts\/11040\/revisions"}],"predecessor-version":[{"id":11042,"href":"https:\/\/radiokissnoticias.com.ar\/web\/wp-json\/wp\/v2\/posts\/11040\/revisions\/11042"}],"wp:featuredmedia":[{"embeddable":true,"href":"https:\/\/radiokissnoticias.com.ar\/web\/wp-json\/wp\/v2\/media\/11041"}],"wp:attachment":[{"href":"https:\/\/radiokissnoticias.com.ar\/web\/wp-json\/wp\/v2\/media?parent=11040"}],"wp:term":[{"taxonomy":"category","embeddable":true,"href":"https:\/\/radiokissnoticias.com.ar\/web\/wp-json\/wp\/v2\/categories?post=11040"},{"taxonomy":"post_tag","embeddable":true,"href":"https:\/\/radiokissnoticias.com.ar\/web\/wp-json\/wp\/v2\/tags?post=11040"}],"curies":[{"name":"wp","href":"https:\/\/api.w.org\/{rel}","templated":true}]}}