{"id":11036,"date":"2026-07-31T21:56:57","date_gmt":"2026-08-01T00:56:57","guid":{"rendered":"https:\/\/radiokissnoticias.com.ar\/web\/?p=11036"},"modified":"2026-07-31T21:56:57","modified_gmt":"2026-08-01T00:56:57","slug":"santilli-pidio-la-renuncia-de-villarruel-tras-sus-dichos-contra-milei","status":"publish","type":"post","link":"https:\/\/radiokissnoticias.com.ar\/web\/2026\/07\/31\/santilli-pidio-la-renuncia-de-villarruel-tras-sus-dichos-contra-milei\/","title":{"rendered":"Santilli pidi\u00f3 la renuncia de Villarruel tras sus dichos contra Milei"},"content":{"rendered":"<p>As\u00ed lo expres\u00f3 el jefe de Gabinete tras las declaraciones de la Vicepresidente. Villarruel volvi\u00f3 a criticar a Milei al sostener que siente &#8220;genuina preocupaci\u00f3n por su estado y por las persecuciones imaginarias que replica en Argentina y el exterior&#8221;.<\/p>\n<p>El jefe de Gabinete, Diego Santilli, pidi\u00f3 la renuncia de la vicepresidente Victoria Villarruel, luego de sus declaraciones sobre el presidente Javier Milei.<\/p>\n<p>\u201cSi hay una persona que no est\u00e1 de acuerdo que d\u00e9 un paso al costado. Que arme su proyecto y que compita\u201d, expres\u00f3 Santilli en declaraciones radiales.<\/p>\n<p>Ayer, Villarruel volvi\u00f3 a criticar a Milei al sostener que siente &#8220;genuina preocupaci\u00f3n por su estado y por las persecuciones imaginarias que replica en Argentina y el exterior&#8221;.<\/p>\n<p>&#8220;Me preocupa profundamente que el Presidente de la Naci\u00f3n replique insensateces e inventos. Tengo genuina preocupaci\u00f3n por su estado y por las persecuciones imaginarias que replica en Argentina y el exterior&#8221;, dispar\u00f3 en un mensaje en su cuenta de X.<\/p>\n<p>Al respecto, agreg\u00f3: &#8220;El Presidente de la Naci\u00f3n no puede haber twitteado semejante estupidez&#8221;.<\/p>\n<p>&#8220;Si es as\u00ed que muestre todas las pruebas de estas afirmaciones inventadas por cerebro de microbio Bolukalo&#8221;, en referencia a la diputada mile\u00edsta Lilia Lemoine, quien lleva tambi\u00e9n ese apellido que mencion\u00f3 la Vicepresidenta.<\/p>\n","protected":false},"excerpt":{"rendered":"<p>As\u00ed lo expres\u00f3 el jefe de Gabinete tras las declaraciones de la Vicepresidente. Villarruel volvi\u00f3 a criticar a Milei al sostener que siente &#8220;genuina preocupaci\u00f3n por su estado y por las persecuciones imaginarias que replica en Argentina y el exterior&#8221;. El jefe de Gabinete, Diego Santilli, pidi\u00f3 la renuncia de la vicepresidente Victoria Villarruel, luego [&hellip;]<\/p>\n","protected":false},"author":2,"featured_media":11037,"comment_status":"open","ping_status":"open","sticky":false,"template":"","format":"standard","meta":{"footnotes":""},"categories":[81],"tags":[],"class_list":["post-11036","post","type-post","status-publish","format-standard","has-post-thumbnail","category-politica"],"_links":{"self":[{"href":"https:\/\/radiokissnoticias.com.ar\/web\/wp-json\/wp\/v2\/posts\/11036","targetHints":{"allow":["GET"]}}],"collection":[{"href":"https:\/\/radiokissnoticias.com.ar\/web\/wp-json\/wp\/v2\/posts"}],"about":[{"href":"https:\/\/radiokissnoticias.com.ar\/web\/wp-json\/wp\/v2\/types\/post"}],"author":[{"embeddable":true,"href":"https:\/\/radiokissnoticias.com.ar\/web\/wp-json\/wp\/v2\/users\/2"}],"replies":[{"embeddable":true,"href":"https:\/\/radiokissnoticias.com.ar\/web\/wp-json\/wp\/v2\/comments?post=11036"}],"version-history":[{"count":1,"href":"https:\/\/radiokissnoticias.com.ar\/web\/wp-json\/wp\/v2\/posts\/11036\/revisions"}],"predecessor-version":[{"id":11038,"href":"https:\/\/radiokissnoticias.com.ar\/web\/wp-json\/wp\/v2\/posts\/11036\/revisions\/11038"}],"wp:featuredmedia":[{"embeddable":true,"href":"https:\/\/radiokissnoticias.com.ar\/web\/wp-json\/wp\/v2\/media\/11037"}],"wp:attachment":[{"href":"https:\/\/radiokissnoticias.com.ar\/web\/wp-json\/wp\/v2\/media?parent=11036"}],"wp:term":[{"taxonomy":"category","embeddable":true,"href":"https:\/\/radiokissnoticias.com.ar\/web\/wp-json\/wp\/v2\/categories?post=11036"},{"taxonomy":"post_tag","embeddable":true,"href":"https:\/\/radiokissnoticias.com.ar\/web\/wp-json\/wp\/v2\/tags?post=11036"}],"curies":[{"name":"wp","href":"https:\/\/api.w.org\/{rel}","templated":true}]}}