{"id":11032,"date":"2026-07-31T21:43:06","date_gmt":"2026-08-01T00:43:06","guid":{"rendered":"https:\/\/radiokissnoticias.com.ar\/web\/?p=11032"},"modified":"2026-07-31T21:43:06","modified_gmt":"2026-08-01T00:43:06","slug":"se-viene-el-primer-backyard-ultra-un-desafio-de-resistencia-extrema-donde-solo-uno-quedara-en-pie","status":"publish","type":"post","link":"https:\/\/radiokissnoticias.com.ar\/web\/2026\/07\/31\/se-viene-el-primer-backyard-ultra-un-desafio-de-resistencia-extrema-donde-solo-uno-quedara-en-pie\/","title":{"rendered":"Se viene el primer backyard ultra: un desaf\u00edo de resistencia extrema donde solo uno quedar\u00e1 en pie"},"content":{"rendered":"<p>Este s\u00e1bado 1 de agosto, Goya ser\u00e1 escenario de un evento deportivo sin precedentes en la regi\u00f3n: el Backyard Ultra. La competencia, que tendr\u00e1 como base el predio de Costa Surub\u00ed, propone un desaf\u00edo de ultra resistencia donde la velocidad queda en segundo plano frente a la fortaleza mental.<\/p>\n<p><img loading=\"lazy\" decoding=\"async\" class=\"alignnone size-medium wp-image-11034\" src=\"https:\/\/radiokissnoticias.com.ar\/web\/wp-content\/uploads\/2026\/07\/descarga-2026-07-31T214203.262-300x300.jpeg\" alt=\"\" width=\"300\" height=\"300\" srcset=\"https:\/\/radiokissnoticias.com.ar\/web\/wp-content\/uploads\/2026\/07\/descarga-2026-07-31T214203.262-300x300.jpeg 300w, https:\/\/radiokissnoticias.com.ar\/web\/wp-content\/uploads\/2026\/07\/descarga-2026-07-31T214203.262-1024x1021.jpeg 1024w, https:\/\/radiokissnoticias.com.ar\/web\/wp-content\/uploads\/2026\/07\/descarga-2026-07-31T214203.262-150x150.jpeg 150w, https:\/\/radiokissnoticias.com.ar\/web\/wp-content\/uploads\/2026\/07\/descarga-2026-07-31T214203.262-768x766.jpeg 768w, https:\/\/radiokissnoticias.com.ar\/web\/wp-content\/uploads\/2026\/07\/descarga-2026-07-31T214203.262-421x420.jpeg 421w, https:\/\/radiokissnoticias.com.ar\/web\/wp-content\/uploads\/2026\/07\/descarga-2026-07-31T214203.262-696x694.jpeg 696w, https:\/\/radiokissnoticias.com.ar\/web\/wp-content\/uploads\/2026\/07\/descarga-2026-07-31T214203.262-1068x1065.jpeg 1068w, https:\/\/radiokissnoticias.com.ar\/web\/wp-content\/uploads\/2026\/07\/descarga-2026-07-31T214203.262.jpeg 1080w\" sizes=\"auto, (max-width: 300px) 100vw, 300px\" \/><\/p>\n<p>Bajo la organizaci\u00f3n de la personal trainer y corredora Laura Pascual y Cristian G\u00f3mez, del equipo Punto Entrenamiento, y con el respaldo de la Municipalidad de Goya, 85 atletas se pondr\u00e1n a prueba en una modalidad donde solo existir\u00e1 un \u00fanico ganador.<\/p>\n<p><b>LA MODALIDAD: RESISTENCIA SOBRE VELOCIDAD<\/b><\/p>\n<p>A diferencia de las carreras tradicionales, en el Backyard Ultra no gana quien llega primero, sino el \u00faltimo corredor que logre permanecer en competencia.<\/p>\n<p>El reglamento es estricto: los participantes deben completar un circuito de 6.7 kil\u00f3metros en menos de una hora.<\/p>\n<p>El tiempo que les sobra dentro de ese lapso se destina al descanso, hidrataci\u00f3n y alimentaci\u00f3n en el &#8220;parque cerrado&#8221; ubicado en Costa Surub\u00ed.<\/p>\n<p>Exactamente al cumplirse la hora, se larga una nueva vuelta.<\/p>\n<p>El ciclo se repite hasta que solo queda un atleta capaz de completar el recorrido en el tiempo estipulado.<\/p>\n<p><b>CRONOGRAMA Y LOG\u00cdSTICA<\/b><\/p>\n<p>La actividad comenzar\u00e1 oficialmente hoy viernes con la entrega de kits, de 13 a 16 horas en Costa Surub\u00ed, donde los corredores recibir\u00e1n su dorsal, remera oficial y presentes de los sponsors.<\/p>\n<p>La largada ser\u00e1 ma\u00f1ana s\u00e1bado a las 8 en punto.<\/p>\n<p>La puntualidad es cr\u00edtica debido al sistema de cronometraje centralizado. Seg\u00fan explic\u00f3 Pascual, no se utilizar\u00e1n chips individuales; en su lugar, se instalar\u00e1 un \u00fanico cron\u00f3metro central y una pantalla \u2014gestionada por el organizador y motivador Cristian\u2014 donde se visualizar\u00e1 en vivo el ingreso de cada corredor vuelta por vuelta.<\/p>\n<p>El circuito ha sido dise\u00f1ado para resaltar los atractivos de la ciudad, recorriendo la nueva y moderna Costanera de Goya, un punto estrat\u00e9gico donde se invita a la comunidad a acercarse con sus silletas y mates para alentar a los deportistas.<\/p>\n<p><b>UN DESAF\u00cdO QUE PUEDE DURAR D\u00cdAS<\/b><\/p>\n<p>La expectativa de duraci\u00f3n es alta. Entre los 85 inscriptos se encuentran especialistas en &#8220;ultra&#8221; con marcas previas de hasta 32 horas de carrera ininterrumpida.<\/p>\n<p>Esto significa que la competencia podr\u00eda extenderse durante toda la madrugada del domingo e incluso alcanzar el lunes.<\/p>\n<p>&#8220;Es una apuesta grande que busca no solo lo deportivo, sino tambi\u00e9n promocionar el turismo y la uni\u00f3n que genera el deporte&#8221;, destac\u00f3 Laura Pascual, agradeciendo el apoyo de la Direcci\u00f3n de Deporte y la intendencia local para el armado de la infraestructura y el circuito.<\/p>\n<p><b><br \/>\nEL RITUAL DEL RETIRO: UN CIERRE PERSONAL<\/b><\/p>\n<p>La competencia ofrece una faceta profundamente humana en su sistema de premiaci\u00f3n. En el \u00e1rea de meta se ha dispuesto una pared con imanes personalizados que contienen el nombre, apellido, n\u00famero de dorsal y una frase elegida por cada atleta.<\/p>\n<p>Cuando un corredor decide que ha llegado a su l\u00edmite, \u00e9l mismo debe realizar el acto simb\u00f3lico de retirar su im\u00e1n de la pared.<\/p>\n<p>En ese momento, se le hace entrega de su medalla, se toma una fotograf\u00eda oficial y se realiza un breve reportaje para que comparta su experiencia personal, otorgando un cierre digno a su esfuerzo individual antes de que la carrera contin\u00fae para el resto.<\/p>\n<p>Direcci\u00f3n de Prensa \u2013 Municipalidad de Goya.<\/p>\n","protected":false},"excerpt":{"rendered":"<p>Este s\u00e1bado 1 de agosto, Goya ser\u00e1 escenario de un evento deportivo sin precedentes en la regi\u00f3n: el Backyard Ultra. La competencia, que tendr\u00e1 como base el predio de Costa Surub\u00ed, propone un desaf\u00edo de ultra resistencia donde la velocidad queda en segundo plano frente a la fortaleza mental. Bajo la organizaci\u00f3n de la personal [&hellip;]<\/p>\n","protected":false},"author":2,"featured_media":11033,"comment_status":"open","ping_status":"open","sticky":false,"template":"","format":"standard","meta":{"footnotes":""},"categories":[77],"tags":[],"class_list":["post-11032","post","type-post","status-publish","format-standard","has-post-thumbnail","category-local"],"_links":{"self":[{"href":"https:\/\/radiokissnoticias.com.ar\/web\/wp-json\/wp\/v2\/posts\/11032","targetHints":{"allow":["GET"]}}],"collection":[{"href":"https:\/\/radiokissnoticias.com.ar\/web\/wp-json\/wp\/v2\/posts"}],"about":[{"href":"https:\/\/radiokissnoticias.com.ar\/web\/wp-json\/wp\/v2\/types\/post"}],"author":[{"embeddable":true,"href":"https:\/\/radiokissnoticias.com.ar\/web\/wp-json\/wp\/v2\/users\/2"}],"replies":[{"embeddable":true,"href":"https:\/\/radiokissnoticias.com.ar\/web\/wp-json\/wp\/v2\/comments?post=11032"}],"version-history":[{"count":1,"href":"https:\/\/radiokissnoticias.com.ar\/web\/wp-json\/wp\/v2\/posts\/11032\/revisions"}],"predecessor-version":[{"id":11035,"href":"https:\/\/radiokissnoticias.com.ar\/web\/wp-json\/wp\/v2\/posts\/11032\/revisions\/11035"}],"wp:featuredmedia":[{"embeddable":true,"href":"https:\/\/radiokissnoticias.com.ar\/web\/wp-json\/wp\/v2\/media\/11033"}],"wp:attachment":[{"href":"https:\/\/radiokissnoticias.com.ar\/web\/wp-json\/wp\/v2\/media?parent=11032"}],"wp:term":[{"taxonomy":"category","embeddable":true,"href":"https:\/\/radiokissnoticias.com.ar\/web\/wp-json\/wp\/v2\/categories?post=11032"},{"taxonomy":"post_tag","embeddable":true,"href":"https:\/\/radiokissnoticias.com.ar\/web\/wp-json\/wp\/v2\/tags?post=11032"}],"curies":[{"name":"wp","href":"https:\/\/api.w.org\/{rel}","templated":true}]}}