{"id":11029,"date":"2026-07-31T21:36:06","date_gmt":"2026-08-01T00:36:06","guid":{"rendered":"https:\/\/radiokissnoticias.com.ar\/web\/?p=11029"},"modified":"2026-07-31T21:36:06","modified_gmt":"2026-08-01T00:36:06","slug":"conversatorio-politico-a-cargo-de-andres-rabossi-la-politica-que-viene-como-liderar-cuando-todo-cambio","status":"publish","type":"post","link":"https:\/\/radiokissnoticias.com.ar\/web\/2026\/07\/31\/conversatorio-politico-a-cargo-de-andres-rabossi-la-politica-que-viene-como-liderar-cuando-todo-cambio\/","title":{"rendered":"Conversatorio pol\u00edtico a cargo de Andr\u00e9s Rabossi: &#8220;la pol\u00edtica que viene: como liderar cuando todo cambio&#8221;"},"content":{"rendered":"<p>En el comit\u00e9 departamental UCR Goya se llev\u00f3 adelante un conversatorio pol\u00edtico a cargo de consultor y asesor pol\u00edtico en marketing y especialista en opini\u00f3n p\u00fablica Andr\u00e9s Rabossi. Este espacio de reflexi\u00f3n y formaci\u00f3n sirvi\u00f3 para pensar los desaf\u00edos de la pol\u00edtica actual, &#8220;La pol\u00edtica que viene: como liderar cuando todo cambio&#8221;.<\/p>\n<p>La jornada de aprendizaje e intercambio cont\u00f3 con la participaci\u00f3n de dirigentes y referentes pol\u00edticos de diferentes espacios en el sal\u00f3n auditorio ubicado en calle Juan Esteban Mart\u00ednez N\u00b0 624. La apertura del encuentro estuvo a cargo del presidente del Comit\u00e9 Goya e intendente del municipio, doctor Mariano Hormaechea quien destac\u00f3 este tipo de encuentros y agradeci\u00f3 la participaci\u00f3n de la numerosa concurrencia que colm\u00f3 el auditorio central del comit\u00e9 centenario Partido Radical.<\/p>\n","protected":false},"excerpt":{"rendered":"<p>En el comit\u00e9 departamental UCR Goya se llev\u00f3 adelante un conversatorio pol\u00edtico a cargo de consultor y asesor pol\u00edtico en marketing y especialista en opini\u00f3n p\u00fablica Andr\u00e9s Rabossi. Este espacio de reflexi\u00f3n y formaci\u00f3n sirvi\u00f3 para pensar los desaf\u00edos de la pol\u00edtica actual, &#8220;La pol\u00edtica que viene: como liderar cuando todo cambio&#8221;. La jornada de [&hellip;]<\/p>\n","protected":false},"author":2,"featured_media":11030,"comment_status":"open","ping_status":"open","sticky":false,"template":"","format":"standard","meta":{"footnotes":""},"categories":[77],"tags":[],"class_list":["post-11029","post","type-post","status-publish","format-standard","has-post-thumbnail","category-local"],"_links":{"self":[{"href":"https:\/\/radiokissnoticias.com.ar\/web\/wp-json\/wp\/v2\/posts\/11029","targetHints":{"allow":["GET"]}}],"collection":[{"href":"https:\/\/radiokissnoticias.com.ar\/web\/wp-json\/wp\/v2\/posts"}],"about":[{"href":"https:\/\/radiokissnoticias.com.ar\/web\/wp-json\/wp\/v2\/types\/post"}],"author":[{"embeddable":true,"href":"https:\/\/radiokissnoticias.com.ar\/web\/wp-json\/wp\/v2\/users\/2"}],"replies":[{"embeddable":true,"href":"https:\/\/radiokissnoticias.com.ar\/web\/wp-json\/wp\/v2\/comments?post=11029"}],"version-history":[{"count":1,"href":"https:\/\/radiokissnoticias.com.ar\/web\/wp-json\/wp\/v2\/posts\/11029\/revisions"}],"predecessor-version":[{"id":11031,"href":"https:\/\/radiokissnoticias.com.ar\/web\/wp-json\/wp\/v2\/posts\/11029\/revisions\/11031"}],"wp:featuredmedia":[{"embeddable":true,"href":"https:\/\/radiokissnoticias.com.ar\/web\/wp-json\/wp\/v2\/media\/11030"}],"wp:attachment":[{"href":"https:\/\/radiokissnoticias.com.ar\/web\/wp-json\/wp\/v2\/media?parent=11029"}],"wp:term":[{"taxonomy":"category","embeddable":true,"href":"https:\/\/radiokissnoticias.com.ar\/web\/wp-json\/wp\/v2\/categories?post=11029"},{"taxonomy":"post_tag","embeddable":true,"href":"https:\/\/radiokissnoticias.com.ar\/web\/wp-json\/wp\/v2\/tags?post=11029"}],"curies":[{"name":"wp","href":"https:\/\/api.w.org\/{rel}","templated":true}]}}