{"id":11026,"date":"2026-07-31T21:30:47","date_gmt":"2026-08-01T00:30:47","guid":{"rendered":"https:\/\/radiokissnoticias.com.ar\/web\/?p=11026"},"modified":"2026-07-31T21:30:47","modified_gmt":"2026-08-01T00:30:47","slug":"a-seis-meses-del-cierre-de-alal-ex-trabajadores-siguen-sin-cobrar-sus-indemnizaciones-y-advierten-sobre-el-impacto-social","status":"publish","type":"post","link":"https:\/\/radiokissnoticias.com.ar\/web\/2026\/07\/31\/a-seis-meses-del-cierre-de-alal-ex-trabajadores-siguen-sin-cobrar-sus-indemnizaciones-y-advierten-sobre-el-impacto-social\/","title":{"rendered":"A seis meses del cierre de Alal, ex trabajadores siguen sin cobrar sus indemnizaciones y advierten sobre el impacto social"},"content":{"rendered":"<p>Los ex delegados gremiales David Gonz\u00e1lez y Luis Gianotti afirmaron que la situaci\u00f3n de los m\u00e1s de 240 despedidos de la planta de Goya contin\u00faa sin cambios significativos. Si bien comenzar\u00e1 un esquema de pagos dispuesto por la Justicia, consideran que los montos son insuficientes y mantienen la incertidumbre sobre el futuro del proceso concursal. \u201cUno que tenga m\u00e1s o menos 20 a\u00f1os va a cobrar 300 mil pesos, cada tres meses, a partir de octubre. Y el que tiene menos a\u00f1os, va a cobrar menos plata todav\u00eda. Es un monto muy bajo\u201d, sostuvieron los ex trabajadores de la textil.<\/p>\n<div>A seis meses del cierre de la planta textil Alal en Goya, que dej\u00f3 sin empleo a m\u00e1s de 240 trabajadores, los ex delegados gremiales David Gonz\u00e1lez y Luis Gianotti aseguraron que la realidad de las familias afectadas contin\u00faa siendo cr\u00edtica.<\/div>\n<div><\/div>\n<div>Aunque la Justicia (en el juzgado de Reconquista donde se tramita la causa) orden\u00f3 el inicio de un esquema de pagos parciales de las indemnizaciones, sostienen que los montos representan apenas entre el 1% y el 2% de lo que corresponde legalmente a cada empleado y no alcanzan para aliviar la dif\u00edcil situaci\u00f3n econ\u00f3mica que atraviesan.<\/div>\n<div>Durante una entrevista radial, Gonz\u00e1lez explic\u00f3 que las planillas confeccionadas por la empresa, por disposici\u00f3n de los s\u00edndicos que intervienen en la causa judicial radicada en Reconquista, prev\u00e9n pagos trimestrales que, en algunos casos, rondar\u00edan los 300 mil pesos para trabajadores con m\u00e1s de 20 a\u00f1os de antig\u00fcedad.<\/div>\n<div><\/div>\n<div>&#8220;Es un monto muy bajo. Para mi opini\u00f3n, es nada. Pero por lo menos se ve un movimiento&#8221;, expres\u00f3.<\/div>\n<div><\/div>\n<div><b>LA INCERTIDUMBRE CONTIN\u00daA<\/b><\/div>\n<div><\/div>\n<div>\n<div>Seg\u00fan indicaron los ex representantes de los trabajadores, el primer desembolso reci\u00e9n se concretar\u00eda hacia fines de octubre y la modalidad de pago se extender\u00eda hasta abril de 2027, fecha en la que vencer\u00eda el concurso preventivo de la empresa.<\/div>\n<div><\/div>\n<div>Luis Gianotti explic\u00f3 que, llegado ese momento, la Justicia deber\u00e1 resolver si la firma cumple con el compromiso de abonar el 50% de las indemnizaciones o si el proceso judicial vuelve a extenderse. &#8220;Vos sab\u00e9s c\u00f3mo es la Justicia, es muy lenta. Veremos qu\u00e9 pasos seguir en estos meses&#8221;, manifest\u00f3.<\/div>\n<div><\/div>\n<div>Por su parte, Gonz\u00e1lez reconoci\u00f3 que existe escepticismo entre los despedidos. &#8220;Uno ya espera lo peor. Ojal\u00e1 no sea as\u00ed, pero lamentablemente estamos curados de espanto\u201d, sostuvo el ex trabajador de la textil Alal.<\/div>\n<div><\/div>\n<div><b>CONSECUENCIAS ECON\u00d3MICAS Y DE SALUD<\/b><\/div>\n<\/div>\n<div><\/div>\n<div>\n<div>Ambos ex delegados coincidieron en que el impacto del cierre de Alal va mucho m\u00e1s all\u00e1 de la p\u00e9rdida del empleo. Se\u00f1alaron que numerosos ex trabajadores contin\u00faan sin conseguir una fuente laboral estable, especialmente quienes superan los 50 a\u00f1os, mientras otros sobreviven gracias a peque\u00f1os comercios familiares, changas o la ayuda de sus allegados.<\/div>\n<div><\/div>\n<div>Tambi\u00e9n remarcaron las consecuencias sobre la salud f\u00edsica y mental de los despedidos. &#8220;Empieza por la salud mental y despu\u00e9s pasa a lo f\u00edsico&#8221;, se\u00f1al\u00f3 Gianotti, mientras Gonz\u00e1lez record\u00f3 casos de trabajadores que sufrieron problemas card\u00edacos, depresi\u00f3n e incluso un accidente cerebrovascular (ACV) tras perder su empleo.<\/div>\n<div><\/div>\n<div><b>EL RECLAMO CONTIN\u00daA\u00d1<\/b><\/div>\n<\/div>\n<div><\/div>\n<div>\n<div>Los entrevistados explicaron que las manifestaciones disminuyeron con el paso de los meses debido a las dificultades econ\u00f3micas y de salud que enfrentan muchos ex empleados, aunque aseguraron que las movilizaciones continuar\u00e1n de manera pac\u00edfica.<\/div>\n<div><\/div>\n<div>Gonz\u00e1lez destac\u00f3 que nunca recurrieron a hechos de violencia durante las protestas y rechaz\u00f3 las cr\u00edticas recibidas. &#8220;Siempre fueron manifestaciones pac\u00edficas. Nunca hicimos perjuicios, eso lo puede testimoniar la Polic\u00eda y los periodistas que cubr\u00edan nuestras movilizaciones\u201d, asever\u00f3 Gonz\u00e1lez.<\/div>\n<div><\/div>\n<div><b>AYUDA OFICIAL Y PROYECTOS PARA SALIR ADELANTE<\/b><\/div>\n<\/div>\n<div><\/div>\n<div>\n<div>Los ex trabajadores se\u00f1alaron que dej\u00f3 de entregarse la asistencia alimentaria que recib\u00edan meses atr\u00e1s, aunque contin\u00faa vigente el beneficio de exenci\u00f3n en el pago de la energ\u00eda el\u00e9ctrica otorgado por el Gobierno provincial.<\/div>\n<div><\/div>\n<div>Asimismo, destacaron que algunos despedidos pudieron acceder al programa municipal de microemprendimientos, mediante el cual obtuvieron herramientas o equipamiento para iniciar actividades comerciales o de servicios.<\/div>\n<div><\/div>\n<div>Sin embargo, remarcaron que esas iniciativas representan apenas un alivio frente a una problem\u00e1tica de gran magnitud, que tambi\u00e9n repercute sobre la econom\u00eda de toda la ciudad. &#8220;Esto impact\u00f3 en todo el comercio de Goya. De un d\u00eda para otro desapareci\u00f3 una enorme inyecci\u00f3n de dinero que mov\u00eda la econom\u00eda local&#8221;, sostuvo Gonz\u00e1lez.<\/div>\n<div><\/div>\n<div><b>UNA ESPERA QUE A\u00daN NO TERMINA<\/b><\/div>\n<\/div>\n<div><\/div>\n<div>\n<div>Mientras aguardan el inicio de los pagos y la evoluci\u00f3n de la causa judicial, los ex trabajadores sostienen que continuar\u00e1n reclamando por el cobro \u00edntegro de las indemnizaciones.<\/div>\n<div><\/div>\n<div>\u201cOjal\u00e1 Dios quiera nuestro reclamo tenga respuesta por el bien de todos nuestros compa\u00f1eros y como yo siempre digo, los chicos es lo que m\u00e1s duele, nosotros somos grandes, pero por ah\u00ed los chicos son los que no entienden cuando ya cuesta para un plato de comida, por ah\u00ed hay, y por ah\u00ed no hay para cena. Yo cont\u00e9 el caso de un compa\u00f1ero que se iba a comprar poror\u00f3 para darle de cenar a sus hijas. Y es muy triste eso, muy triste\u201d, cerr\u00f3 David Gonzalez.<\/div>\n<\/div>\n","protected":false},"excerpt":{"rendered":"<p>Los ex delegados gremiales David Gonz\u00e1lez y Luis Gianotti afirmaron que la situaci\u00f3n de los m\u00e1s de 240 despedidos de la planta de Goya contin\u00faa sin cambios significativos. Si bien comenzar\u00e1 un esquema de pagos dispuesto por la Justicia, consideran que los montos son insuficientes y mantienen la incertidumbre sobre el futuro del proceso concursal. [&hellip;]<\/p>\n","protected":false},"author":2,"featured_media":11027,"comment_status":"open","ping_status":"open","sticky":false,"template":"","format":"standard","meta":{"footnotes":""},"categories":[77],"tags":[],"class_list":["post-11026","post","type-post","status-publish","format-standard","has-post-thumbnail","category-local"],"_links":{"self":[{"href":"https:\/\/radiokissnoticias.com.ar\/web\/wp-json\/wp\/v2\/posts\/11026","targetHints":{"allow":["GET"]}}],"collection":[{"href":"https:\/\/radiokissnoticias.com.ar\/web\/wp-json\/wp\/v2\/posts"}],"about":[{"href":"https:\/\/radiokissnoticias.com.ar\/web\/wp-json\/wp\/v2\/types\/post"}],"author":[{"embeddable":true,"href":"https:\/\/radiokissnoticias.com.ar\/web\/wp-json\/wp\/v2\/users\/2"}],"replies":[{"embeddable":true,"href":"https:\/\/radiokissnoticias.com.ar\/web\/wp-json\/wp\/v2\/comments?post=11026"}],"version-history":[{"count":1,"href":"https:\/\/radiokissnoticias.com.ar\/web\/wp-json\/wp\/v2\/posts\/11026\/revisions"}],"predecessor-version":[{"id":11028,"href":"https:\/\/radiokissnoticias.com.ar\/web\/wp-json\/wp\/v2\/posts\/11026\/revisions\/11028"}],"wp:featuredmedia":[{"embeddable":true,"href":"https:\/\/radiokissnoticias.com.ar\/web\/wp-json\/wp\/v2\/media\/11027"}],"wp:attachment":[{"href":"https:\/\/radiokissnoticias.com.ar\/web\/wp-json\/wp\/v2\/media?parent=11026"}],"wp:term":[{"taxonomy":"category","embeddable":true,"href":"https:\/\/radiokissnoticias.com.ar\/web\/wp-json\/wp\/v2\/categories?post=11026"},{"taxonomy":"post_tag","embeddable":true,"href":"https:\/\/radiokissnoticias.com.ar\/web\/wp-json\/wp\/v2\/tags?post=11026"}],"curies":[{"name":"wp","href":"https:\/\/api.w.org\/{rel}","templated":true}]}}